{"id":26420,"date":"2023-09-05T23:44:23","date_gmt":"2023-09-06T02:44:23","guid":{"rendered":"https:\/\/chacosintesis.com.ar\/?p=26420"},"modified":"2023-09-06T00:07:27","modified_gmt":"2023-09-06T03:07:27","slug":"las-leyes-del-programa-de-estabilidad-y-garantias-laborales-beneficiaran-a-mas-de-9-000-docentes-de-la-provincia","status":"publish","type":"post","link":"https:\/\/chacosintesis.com.ar\/index.php\/las-leyes-del-programa-de-estabilidad-y-garantias-laborales-beneficiaran-a-mas-de-9-000-docentes-de-la-provincia\/","title":{"rendered":"Las leyes del Programa de Estabilidad y Garant\u00edas Laborales beneficiar\u00e1n a m\u00e1s de 9.000 docentes de la provincia"},"content":{"rendered":"<div class=\"postie-post\">La Legislatura aprob\u00f3 los proyectos de leyes de Titularizaci\u00f3n Docente, propuestos por el Poder Ejecutivo. Se trata de una normativa que beneficiar\u00e1 a m\u00e1s de 9.000 trabajadores de la educaci\u00f3n y que supone regularizar la situaci\u00f3n laboral de docentes interinos de los niveles Inicial, Primario, Secundario y Superior en la provincia..<br \/>\nEl Gobierno provincial celebra y destaca la sanci\u00f3n de la C\u00e1mara de Diputados del Chaco de las leyes 3895-E y 3896-E, \u201cPlan de Estabilidad y Garant\u00edas Laborales para Docentes de los Niveles Inicial, Primario y Secundario\u201d, y de \u201cPlan de Estabilidad y Garant\u00edas Laborales para Docentes del Nivel Superior\u201d, respectivamente, ambas aprobadas por unanimidad.<br \/>\nSe trata de normativas que beneficiar\u00e1n a m\u00e1s de 9.000 trabajadores de la educaci\u00f3n y que supone regularizar la situaci\u00f3n laboral de docentes interinos de los niveles Inicial, Primario, Secundario y superior en la provincia<br \/>\nEn la sesi\u00f3n extraordinaria de este martes 5, la Legislatura chaque\u00f1a sancion\u00f3 la ley de Estabilidad y Garant\u00edas Laborales para docentes que se desempe\u00f1an en los niveles Inicial, Primario y Secundario. Tambi\u00e9n se aprob\u00f3 la ley de Acceso a la Titularidad de Nivel Superior para docentes que se desempe\u00f1an en cargos de base y horas c\u00e1tedra en instituciones educativas de gesti\u00f3n estatal.<br \/>\nSe trata de proyectos de ley elaborados por el Ejecutivo Provincial, trabajados de manera mancomunada con sindicatos docentes, las diputadas y los diputados para dar respuesta a un anhelo de la comunidad docente. De hecho, cientos de trabajadores y trabajadoras de la educaci\u00f3n acompa\u00f1aron esta sesi\u00f3n extraordinaria en las inmediaciones de la Legislatura y celebraron con fervorosa emoci\u00f3n la aprobaci\u00f3n de ambas leyes.<br \/>\n\u201cLos derechos contemplados en estas normativas alcanzan a 9.300 docentes de los niveles secundario y superior y a alrededor de 4000 de Formaci\u00f3n Profesional, maestros de materias especiales de nivel primario y profesores de Centros de Educaci\u00f3n F\u00edsica de la provincia, mediante la titularizaci\u00f3n de interinos y la garant\u00eda de condiciones laborales y salariales a docentes focalizados en nivel secundario, sumando a quienes se encuentren en condici\u00f3n de ser reubicados en el nivel superior\u201d, resalt\u00f3 el gobernador. A su vez, se dispone la titularizaci\u00f3n en cargos de base de los docentes ind\u00edgenas, de los Niveles Inicial, Primario y Secundario, que revistan condici\u00f3n de interinos desde el 20 de abril de 2015 al 25 de febrero de 2022, conforme al listado que a tal efecto confeccionar\u00e1 la Junta de Clasificaci\u00f3n respectiva.<br \/>\nLineras: \u201cImplican estabilidad y garant\u00eda laboral a muchos docentes\u201d<\/p>\n<p>El ministro de Educaci\u00f3n, Aldo Lineras, que junto a todo el gabinete educativo acompa\u00f1\u00f3 desde el recinto la sesi\u00f3n extraordinaria, expres\u00f3 su satisfacci\u00f3n por las sanciones de estas dos leyes que \u201cpermitir\u00e1n darle la tranquilidad por la estabilidad y garant\u00eda laboral a muchos docentes que hace varios a\u00f1os est\u00e1n en el sistema en situaci\u00f3n de interinos en los niveles Secundario y Superior\u201d. \u201cEste es un reclamo que fue escuchado por nuestro gobernador Capitanich, quien nos encomend\u00f3 la tarea de elaborar este programa que lo presentamos hace menos de un mes\u201d, precis\u00f3.<br \/>\nLineras explic\u00f3 que en el caso de docentes del nivel Secundario interinos, que tienen m\u00e1s de tres a\u00f1os de antig\u00fcedad, van a poder acceder a la titularidad, lo que significa que adquieren una serie de derechos que est\u00e1n establecidos en el Estatuto del Docente, como la estabilidad, y no podr\u00e1n ser removidos de sus cargos. Tambi\u00e9n dijo que en el caso de nivel Superior genera la posibilidad que las y los docentes puedan ascender, conseguir cargos directivos, &#8220;o lo que todo docente quiere conseguir, el m\u00e1ximo de horas posibles (30 horas c\u00e1tedra)&#8221;.<br \/>\nFinalmente, el ministro agradeci\u00f3 &#8220;el trabajo de los diputados y las diputadas, en especial de la presidenta de la Comisi\u00f3n de Educaci\u00f3n, Mariela Quir\u00f3s, quien llev\u00f3 adelante una gran labor en un espacio de aportes y consensos, con lo cual pudimos alcanzar este feliz t\u00e9rmino\u201d.<\/p>\n<p>\u201cEstamos orgullosos por esta reparaci\u00f3n hist\u00f3rica para las y los docentes\u201d<\/p>\n<p>Por su parte, la diputada provincial Mariela Quir\u00f3s destac\u00f3 que \u201cestas dos iniciativas son una decisi\u00f3n pol\u00edtica del gobernador Capitanich, luego de recibir la demanda generalizada de parte de las y los docentes de la provincia, y que hoy se convirtieron en dos leyes fundamentales sancionadas por unanimidad con el voto de todos los legisladores y todas las legisladoras, que han llevado un trabajo arduo junto al ministro de Educaci\u00f3n y a todo el equipo\u201d.<br \/>\n\u201cEstamos muy orgullosos de ser parte de esta reparaci\u00f3n hist\u00f3rica para el sector de la docencia y de pertenecer a un gobierno que se compromete con las mejoras de las condiciones laborales de las y los docentes. Hoy, la docencia reivindica que este gobierno sigue aportando al crecimiento de la provincia y que trabaja para hacer de las y los docentes y de nuestra comunidad educativa, la comunidad que queremos para el futuro de nuestra provincia\u201d, afirm\u00f3 la legisladora.<\/p><\/div>\n","protected":false},"excerpt":{"rendered":"<p>La Legislatura aprob\u00f3 los proyectos de leyes de Titularizaci\u00f3n Docente, propuestos por el Poder Ejecutivo. Se trata de una normativa que beneficiar\u00e1 a m\u00e1s de 9.000 trabajadores de la educaci\u00f3n y que supone regularizar la situaci\u00f3n laboral de docentes interinos de los niveles Inicial, Primario, Secundario y Superior en la provincia.. El Gobierno provincial celebra [&hellip;]<\/p>\n","protected":false},"author":1,"featured_media":26421,"comment_status":"closed","ping_status":"closed","sticky":false,"template":"","format":"standard","meta":{"footnotes":""},"categories":[6],"tags":[],"class_list":{"0":"post-26420","1":"post","2":"type-post","3":"status-publish","4":"format-standard","5":"has-post-thumbnail","7":"category-chaco"},"_links":{"self":[{"href":"https:\/\/chacosintesis.com.ar\/index.php\/wp-json\/wp\/v2\/posts\/26420","targetHints":{"allow":["GET"]}}],"collection":[{"href":"https:\/\/chacosintesis.com.ar\/index.php\/wp-json\/wp\/v2\/posts"}],"about":[{"href":"https:\/\/chacosintesis.com.ar\/index.php\/wp-json\/wp\/v2\/types\/post"}],"author":[{"embeddable":true,"href":"https:\/\/chacosintesis.com.ar\/index.php\/wp-json\/wp\/v2\/users\/1"}],"replies":[{"embeddable":true,"href":"https:\/\/chacosintesis.com.ar\/index.php\/wp-json\/wp\/v2\/comments?post=26420"}],"version-history":[{"count":0,"href":"https:\/\/chacosintesis.com.ar\/index.php\/wp-json\/wp\/v2\/posts\/26420\/revisions"}],"wp:featuredmedia":[{"embeddable":true,"href":"https:\/\/chacosintesis.com.ar\/index.php\/wp-json\/wp\/v2\/media\/26421"}],"wp:attachment":[{"href":"https:\/\/chacosintesis.com.ar\/index.php\/wp-json\/wp\/v2\/media?parent=26420"}],"wp:term":[{"taxonomy":"category","embeddable":true,"href":"https:\/\/chacosintesis.com.ar\/index.php\/wp-json\/wp\/v2\/categories?post=26420"},{"taxonomy":"post_tag","embeddable":true,"href":"https:\/\/chacosintesis.com.ar\/index.php\/wp-json\/wp\/v2\/tags?post=26420"}],"curies":[{"name":"wp","href":"https:\/\/api.w.org\/{rel}","templated":true}]}}