{"id":26416,"date":"2023-09-05T23:39:21","date_gmt":"2023-09-06T02:39:21","guid":{"rendered":"https:\/\/chacosintesis.com.ar\/?p=26416"},"modified":"2023-09-06T00:07:12","modified_gmt":"2023-09-06T03:07:12","slug":"la-carrera-de-farmacia-de-la-uncaus-tiene-nuevo-logo","status":"publish","type":"post","link":"https:\/\/chacosintesis.com.ar\/index.php\/la-carrera-de-farmacia-de-la-uncaus-tiene-nuevo-logo\/","title":{"rendered":"La carrera de Farmacia de la UNCAUS tiene nuevo logo"},"content":{"rendered":"<div class=\"postie-post\">El dise\u00f1o elegido fue el de una estudiante de primer a\u00f1o, Naira Maribel Segovia. El jurado expres\u00f3 que el logo representa de forma creativa los valores y la misi\u00f3n de la carrera.<br \/>\nLa carrera de Farmacia de la Universidad Nacional del Chaco Austral (UNCAUS) cuenta con un nuevo logo, que fue elegido tras realizar un concurso entre sus estudiantes y graduados, por Resoluci\u00f3n N\u00ba 253\/2023- R. de la instituci\u00f3n.<br \/>\nLa ganadora del dise\u00f1o propuesto es Naira Maribel Segovia, estudiante del primer a\u00f1o de la carrera de Farmacia.<br \/>\nEl jurado expres\u00f3 que el logo representa de forma creativa los valores y la misi\u00f3n de la carrera. \u201cSu dise\u00f1o captura la esencia de la profesi\u00f3n, desde la atenci\u00f3n comunitaria y la investigaci\u00f3n cient\u00edfica, hasta la importancia de los medicamentos en el proceso de curaci\u00f3n\u201d, dijeron desde la instituci\u00f3n.<br \/>\nEl jurado fue integrado por los farmac\u00e9uticos Dana Falkievich, Fabi\u00e1n Pellegrini y Nelson Ayala, la representante de rectorado, Cra. Marina Pavlinovic y el encargado de dise\u00f1os gr\u00e1ficos de la instituci\u00f3n, Sr. Roberto Gauto.<br \/>\nLa ganadora fue premiada con un set matero, gentileza del secretario de Cooperaci\u00f3n y Servicios P\u00fablicos, Mgter. Farm. N\u00e9stor Dudik. La entrega formal del premio y certificado de reconocimiento se realiz\u00f3 el mi\u00e9rcoles 30 de agosto de 2023, en Sala de Consejo y cont\u00f3 con la presencia del rector de la Universidad, Germ\u00e1n Oestmann, la directora de la carrera de Farmacia, Dra. Farm. Leonor L\u00f3pez T\u00e9vez, los integrantes del jurado y la encargada Regional Chaco de la Asociaci\u00f3n de estudiantes de la Rep\u00fablica Argentina (AEFRA), Ileana Montoya.<\/div>\n","protected":false},"excerpt":{"rendered":"<p>El dise\u00f1o elegido fue el de una estudiante de primer a\u00f1o, Naira Maribel Segovia. El jurado expres\u00f3 que el logo representa de forma creativa los valores y la misi\u00f3n de la carrera. La carrera de Farmacia de la Universidad Nacional del Chaco Austral (UNCAUS) cuenta con un nuevo logo, que fue elegido tras realizar un [&hellip;]<\/p>\n","protected":false},"author":1,"featured_media":26417,"comment_status":"closed","ping_status":"closed","sticky":false,"template":"","format":"standard","meta":{"footnotes":""},"categories":[6],"tags":[],"class_list":{"0":"post-26416","1":"post","2":"type-post","3":"status-publish","4":"format-standard","5":"has-post-thumbnail","7":"category-chaco"},"_links":{"self":[{"href":"https:\/\/chacosintesis.com.ar\/index.php\/wp-json\/wp\/v2\/posts\/26416","targetHints":{"allow":["GET"]}}],"collection":[{"href":"https:\/\/chacosintesis.com.ar\/index.php\/wp-json\/wp\/v2\/posts"}],"about":[{"href":"https:\/\/chacosintesis.com.ar\/index.php\/wp-json\/wp\/v2\/types\/post"}],"author":[{"embeddable":true,"href":"https:\/\/chacosintesis.com.ar\/index.php\/wp-json\/wp\/v2\/users\/1"}],"replies":[{"embeddable":true,"href":"https:\/\/chacosintesis.com.ar\/index.php\/wp-json\/wp\/v2\/comments?post=26416"}],"version-history":[{"count":0,"href":"https:\/\/chacosintesis.com.ar\/index.php\/wp-json\/wp\/v2\/posts\/26416\/revisions"}],"wp:featuredmedia":[{"embeddable":true,"href":"https:\/\/chacosintesis.com.ar\/index.php\/wp-json\/wp\/v2\/media\/26417"}],"wp:attachment":[{"href":"https:\/\/chacosintesis.com.ar\/index.php\/wp-json\/wp\/v2\/media?parent=26416"}],"wp:term":[{"taxonomy":"category","embeddable":true,"href":"https:\/\/chacosintesis.com.ar\/index.php\/wp-json\/wp\/v2\/categories?post=26416"},{"taxonomy":"post_tag","embeddable":true,"href":"https:\/\/chacosintesis.com.ar\/index.php\/wp-json\/wp\/v2\/tags?post=26416"}],"curies":[{"name":"wp","href":"https:\/\/api.w.org\/{rel}","templated":true}]}}