{"id":26412,"date":"2023-09-05T23:35:27","date_gmt":"2023-09-06T02:35:27","guid":{"rendered":"https:\/\/chacosintesis.com.ar\/?p=26412"},"modified":"2023-09-05T23:38:42","modified_gmt":"2023-09-06T02:38:42","slug":"monica-liliana-vollman-es-la-nueva-directora-del-hospital-de-machagai","status":"publish","type":"post","link":"https:\/\/chacosintesis.com.ar\/index.php\/monica-liliana-vollman-es-la-nueva-directora-del-hospital-de-machagai\/","title":{"rendered":"M\u00f3nica Liliana Vollman es la nueva directora del Hospital de Machagai"},"content":{"rendered":"<div class=\"postie-post\">Autoridades de la cartera sanitaria designaron y pusieron en funciones a la bioqu\u00edmica Vollman al frente del hospital &#8220;Dr. Andr\u00e9s D\u00edaz y Pereyro&#8221;, quien reemplazar\u00e1 a la licenciada Laura Viviana Aguirre Machado.<br \/>\nEl Ministerio de Salud P\u00fablica del Chaco puso en funciones, este martes, a la nueva directora del Hospital \u201cDr. Andr\u00e9s D\u00edaz y Pereyro\u201d, de Machagai. Se trata de la bioqu\u00edmica M\u00f3nica Liliana Vollman quien fue designada para desempe\u00f1ar esta funci\u00f3n conforme a sus condiciones de formaci\u00f3n, capacidad e idoneidad.<br \/>\nParticiparon del acto, en representaci\u00f3n de la cartera sanitaria, el subsecretario de Atenci\u00f3n y Acceso al Sistema de Salud, Javier Cerezo, y la jefa de la Regi\u00f3n Sanitaria 2, Lilian Marolo.<br \/>\nM\u00f3nica Liliana Vollman, flamante directora del Hospital de Machagai, se desempe\u00f1aba como bioqu\u00edmica en el servicio de Laboratorio del Hospital de Machagai.<br \/>\nDesde el Ministerio de Salud P\u00fablica compartieron los deseos de \u00e9xitos en la gesti\u00f3n a la nueva directora, al tiempo que valoraronn y agradecieron el aporte realizado por la directora saliente, licenciada Laura Viviana Aguirre Machado, durante su gesti\u00f3n al frente del mencionado nosocomio.<\/div>\n","protected":false},"excerpt":{"rendered":"<p>Autoridades de la cartera sanitaria designaron y pusieron en funciones a la bioqu\u00edmica Vollman al frente del hospital &#8220;Dr. Andr\u00e9s D\u00edaz y Pereyro&#8221;, quien reemplazar\u00e1 a la licenciada Laura Viviana Aguirre Machado. El Ministerio de Salud P\u00fablica del Chaco puso en funciones, este martes, a la nueva directora del Hospital \u201cDr. Andr\u00e9s D\u00edaz y Pereyro\u201d, [&hellip;]<\/p>\n","protected":false},"author":1,"featured_media":26413,"comment_status":"closed","ping_status":"closed","sticky":false,"template":"","format":"standard","meta":{"footnotes":""},"categories":[6],"tags":[],"class_list":{"0":"post-26412","1":"post","2":"type-post","3":"status-publish","4":"format-standard","5":"has-post-thumbnail","7":"category-chaco"},"_links":{"self":[{"href":"https:\/\/chacosintesis.com.ar\/index.php\/wp-json\/wp\/v2\/posts\/26412","targetHints":{"allow":["GET"]}}],"collection":[{"href":"https:\/\/chacosintesis.com.ar\/index.php\/wp-json\/wp\/v2\/posts"}],"about":[{"href":"https:\/\/chacosintesis.com.ar\/index.php\/wp-json\/wp\/v2\/types\/post"}],"author":[{"embeddable":true,"href":"https:\/\/chacosintesis.com.ar\/index.php\/wp-json\/wp\/v2\/users\/1"}],"replies":[{"embeddable":true,"href":"https:\/\/chacosintesis.com.ar\/index.php\/wp-json\/wp\/v2\/comments?post=26412"}],"version-history":[{"count":0,"href":"https:\/\/chacosintesis.com.ar\/index.php\/wp-json\/wp\/v2\/posts\/26412\/revisions"}],"wp:featuredmedia":[{"embeddable":true,"href":"https:\/\/chacosintesis.com.ar\/index.php\/wp-json\/wp\/v2\/media\/26413"}],"wp:attachment":[{"href":"https:\/\/chacosintesis.com.ar\/index.php\/wp-json\/wp\/v2\/media?parent=26412"}],"wp:term":[{"taxonomy":"category","embeddable":true,"href":"https:\/\/chacosintesis.com.ar\/index.php\/wp-json\/wp\/v2\/categories?post=26412"},{"taxonomy":"post_tag","embeddable":true,"href":"https:\/\/chacosintesis.com.ar\/index.php\/wp-json\/wp\/v2\/tags?post=26412"}],"curies":[{"name":"wp","href":"https:\/\/api.w.org\/{rel}","templated":true}]}}