{"id":26410,"date":"2023-09-05T23:34:19","date_gmt":"2023-09-06T02:34:19","guid":{"rendered":"https:\/\/chacosintesis.com.ar\/?p=26410"},"modified":"2023-09-05T23:38:35","modified_gmt":"2023-09-06T02:38:35","slug":"juan-arregin-rechazo-acusaciones-y-dijo-que-gloria-romero-tendra-que-dar-explicaciones-en-la-justicia","status":"publish","type":"post","link":"https:\/\/chacosintesis.com.ar\/index.php\/juan-arregin-rechazo-acusaciones-y-dijo-que-gloria-romero-tendra-que-dar-explicaciones-en-la-justicia\/","title":{"rendered":"Juan Arreg\u00edn rechaz\u00f3 acusaciones y dijo que Gloria Romero tendr\u00e1 que dar &#8220;explicaciones en la justicia&#8221;"},"content":{"rendered":"<div class=\"postie-post\">El exabogado querellante de la familia de la joven le respondi\u00f3 a la mam\u00e1 de Cecilia, luego de lo que consider\u00f3 un \u201cataque\u201d en un vivo de Instagram. \u201cNo esperaba menos de esta mujer que est\u00e1 desquiciada porque abandon\u00e9 la causa y la causa se est\u00e1 yendo al bombo\u201d, sentenci\u00f3 el profesional.<br \/>\nEl abogado correntino Juan Arregin, exintegrante de la querella de la familia de Cecilia  Strzyzowski en la causa que investiga el femicidio de la joven chaque\u00f1a, rechaz\u00f3 las acusaciones que la madre de Cecilia lanz\u00f3 en uno de sus habituales videos en vivo a trav\u00e9s de Instagram y asegur\u00f3 que Gloria Romero \u201ctendr\u00e1 que dar explicaciones a la Justicia\u201d. La declaraciones, realizadas a la radio correntina Sudamericana, llegaron luego que los periodistas de la emisora hicieron escuchar al letrado las expresiones de Romero, en las que asegura que es \u201cr\u00e1pido para los negocios\u201d, entre otras cuestiones.<br \/>\nEl profesional se defendi\u00f3 de las acusaciones al advertir que es \u201cdepositario judicial\u201d y que las cosas que se vendieron fueron con autorizaci\u00f3n de Gloria: \u201cElla me autoriz\u00f3 a que venda el resto de las cosas porque necesitaba plata\u201d, dijo.<br \/>\nArreg\u00edn expres\u00f3 que tiene en su poder todos los audios de Gloria donde \u00e9sta autoriza cada movimiento: \u201cNo esperaba nada menos de esta mujer que est\u00e1 desquiciada porque abandon\u00e9 la causa y la causa se le est\u00e1 yendo al bombo\u201d, sentenci\u00f3 y a\u00f1adi\u00f3: \u201cTendr\u00e1 que dar explicaciones a la Justicia por lo que dijo, porque tampoco soy deshonesto y tengo todos lo audios\u201d.<br \/>\nAsimismo agreg\u00f3: \u201cLe di todo lo que ten\u00eda, puse de mi bolsillo (\u2026) y ahora me paga con esto\u201d. Asegur\u00f3 que Gloria est\u00e1 buscando \u201clevantar su imagen\u201d, porque no sabe \u201cc\u00f3mo explicar lo que ocurri\u00f3 despu\u00e9s de la reuni\u00f3n con Jorge Capitanich\u201d.<br \/>\nAdem\u00e1s, el letrado se encarg\u00f3 de puntualizar de qu\u00e9 manera se dieron los hechos donde \u00e9l -autorizado por Gloria-, ejecut\u00f3 la venta de algunas cosas del local Gato Negro. Afirm\u00f3 que tiene copias de los contratos, de los audios y se\u00f1al\u00f3 que renunci\u00f3 a cobrar honorarios por la causa. \u201cTengo todo, as\u00ed que vaya a justicia a explicar lo que dijo. Ojal\u00e1 que sea muy feliz y encuentre paz en su coraz\u00f3n\u201d, cerr\u00f3.<br \/>\nFuente: Radio Sudamericana.<\/div>\n","protected":false},"excerpt":{"rendered":"<p>El exabogado querellante de la familia de la joven le respondi\u00f3 a la mam\u00e1 de Cecilia, luego de lo que consider\u00f3 un \u201cataque\u201d en un vivo de Instagram. \u201cNo esperaba menos de esta mujer que est\u00e1 desquiciada porque abandon\u00e9 la causa y la causa se est\u00e1 yendo al bombo\u201d, sentenci\u00f3 el profesional. El abogado correntino [&hellip;]<\/p>\n","protected":false},"author":1,"featured_media":26411,"comment_status":"closed","ping_status":"closed","sticky":false,"template":"","format":"standard","meta":{"footnotes":""},"categories":[6],"tags":[],"class_list":{"0":"post-26410","1":"post","2":"type-post","3":"status-publish","4":"format-standard","5":"has-post-thumbnail","7":"category-chaco"},"_links":{"self":[{"href":"https:\/\/chacosintesis.com.ar\/index.php\/wp-json\/wp\/v2\/posts\/26410","targetHints":{"allow":["GET"]}}],"collection":[{"href":"https:\/\/chacosintesis.com.ar\/index.php\/wp-json\/wp\/v2\/posts"}],"about":[{"href":"https:\/\/chacosintesis.com.ar\/index.php\/wp-json\/wp\/v2\/types\/post"}],"author":[{"embeddable":true,"href":"https:\/\/chacosintesis.com.ar\/index.php\/wp-json\/wp\/v2\/users\/1"}],"replies":[{"embeddable":true,"href":"https:\/\/chacosintesis.com.ar\/index.php\/wp-json\/wp\/v2\/comments?post=26410"}],"version-history":[{"count":0,"href":"https:\/\/chacosintesis.com.ar\/index.php\/wp-json\/wp\/v2\/posts\/26410\/revisions"}],"wp:featuredmedia":[{"embeddable":true,"href":"https:\/\/chacosintesis.com.ar\/index.php\/wp-json\/wp\/v2\/media\/26411"}],"wp:attachment":[{"href":"https:\/\/chacosintesis.com.ar\/index.php\/wp-json\/wp\/v2\/media?parent=26410"}],"wp:term":[{"taxonomy":"category","embeddable":true,"href":"https:\/\/chacosintesis.com.ar\/index.php\/wp-json\/wp\/v2\/categories?post=26410"},{"taxonomy":"post_tag","embeddable":true,"href":"https:\/\/chacosintesis.com.ar\/index.php\/wp-json\/wp\/v2\/tags?post=26410"}],"curies":[{"name":"wp","href":"https:\/\/api.w.org\/{rel}","templated":true}]}}