{"id":26404,"date":"2023-09-05T23:28:59","date_gmt":"2023-09-06T02:28:59","guid":{"rendered":"https:\/\/chacosintesis.com.ar\/?p=26404"},"modified":"2023-09-05T23:38:14","modified_gmt":"2023-09-06T02:38:14","slug":"la-ley-de-estabilidad-y-garantias-laborales-reconoce-y-garantiza-el-trabajo-de-nuestros-docentes","status":"publish","type":"post","link":"https:\/\/chacosintesis.com.ar\/index.php\/la-ley-de-estabilidad-y-garantias-laborales-reconoce-y-garantiza-el-trabajo-de-nuestros-docentes\/","title":{"rendered":"\u201cLa Ley de Estabilidad y Garant\u00edas laborales reconoce y garantiza el trabajo de nuestros docentes\u201d"},"content":{"rendered":"<div class=\"postie-post\">La Legislatura chaque\u00f1a aprob\u00f3 este martes 5, por unanimidad y en sesi\u00f3n extraordinaria, los Proyectos de Ley N\u00b0 1.823 y 1.824, de Titularizaci\u00f3n docente, propuestos por el Poder Ejecutivo. Se trata de una ley que beneficiar\u00e1 a m\u00e1s de 14.000 trabajadores de la educaci\u00f3n y que supone regularizar la situaci\u00f3n laboral de docentes interinos de los niveles inicial, primario, secundario y superior en la provincia. \u201cEs una Ley que reconoce y garantiza el trabajo de nuestros docentes, una ley que adem\u00e1s nace de un fuerte consenso, de la consulta del gobierno a todos los sectores involucrados y comprometidos en el tema\u201d, asegur\u00f3 la diputada provincial Mariela Quir\u00f3s, quien adem\u00e1s destac\u00f3 \u201cel compromiso del gobernador, que escuch\u00f3 y se dispuso a dar soluci\u00f3n a una demanda de todo el sector educativo\u201d.<br \/>\nQuir\u00f3s puso de relieve, adem\u00e1s, el trabajo realizado desde la Comisi\u00f3n de Educaci\u00f3n de la Legislatura. \u201cDebatimos y trabajamos sobre el proyecto junto a todos los integrantes de la Comisi\u00f3n, de la mano del ministro Lineras y escuchando a todo el sector sindical y gremial\u201d, valor\u00f3 Quir\u00f3s, a la vez que celebr\u00f3 \u201cel car\u00e1cter democr\u00e1tico de la normativa\u201d.<br \/>\nLa Ley sancionada, de Estabilidad y Garant\u00eda Laboral para los niveles secundario y superior, vendr\u00e1 a regularizar la situaci\u00f3n de las y los docentes interinos. En el nivel secundario, la medida est\u00e1 destinada a docentes interinos que se desempe\u00f1an en cargos de base y horas c\u00e1tedra en instituciones educativas formales de gesti\u00f3n estatal.<br \/>\nEn el nivel superior, la medida est\u00e1 orientada a docentes interinos que se desempe\u00f1an en cargos de base y horas c\u00e1tedra en instituciones educativas de gesti\u00f3n estatal del nivel superior, y garantiza que las y los docentes titulares que se encuentren en condici\u00f3n de ser reubicados, se desempe\u00f1ar\u00e1n de forma permanente y definitiva en funciones de capacitaci\u00f3n e investigaci\u00f3n conforme cargos u horas c\u00e1tedra declarados, garantizando todos los derechos establecidos en el Estatuto del Docente &#8211; Ley N\u00ba 647-E. \u201cEsta Ley es parte de un proyecto educativo para la provincia &#8211;reivindic\u00f3 Quir\u00f3s&#8211;, un proyecto que entiende que la educaci\u00f3n es de verdad un pilar para el crecimiento del Chaco, y que contempla y reconoce los derechos de nuestras y nuestros docentes\u201d, destac\u00f3.<br \/>\nAsimismo, Quir\u00f3s consider\u00f3 que la ley representa \u201cun plan de estabilidad, un horizonte de certezas\u201d. \u201cNo queremos naturalizar la conexi\u00f3n entre docencia y conflicto, ni para el imaginario pol\u00edtico ni para el imaginario social. No queremos que la ciudadan\u00eda, un vecino, una vecina, piensen en la docencia como foco de conflictos. La docencia debe ser considerada una herramienta de transformaci\u00f3n y progreso\u201d, concluy\u00f3 la diputada.<\/div>\n","protected":false},"excerpt":{"rendered":"<p>La Legislatura chaque\u00f1a aprob\u00f3 este martes 5, por unanimidad y en sesi\u00f3n extraordinaria, los Proyectos de Ley N\u00b0 1.823 y 1.824, de Titularizaci\u00f3n docente, propuestos por el Poder Ejecutivo. Se trata de una ley que beneficiar\u00e1 a m\u00e1s de 14.000 trabajadores de la educaci\u00f3n y que supone regularizar la situaci\u00f3n laboral de docentes interinos de [&hellip;]<\/p>\n","protected":false},"author":1,"featured_media":26405,"comment_status":"closed","ping_status":"closed","sticky":false,"template":"","format":"standard","meta":{"footnotes":""},"categories":[6],"tags":[],"class_list":{"0":"post-26404","1":"post","2":"type-post","3":"status-publish","4":"format-standard","5":"has-post-thumbnail","7":"category-chaco"},"_links":{"self":[{"href":"https:\/\/chacosintesis.com.ar\/index.php\/wp-json\/wp\/v2\/posts\/26404","targetHints":{"allow":["GET"]}}],"collection":[{"href":"https:\/\/chacosintesis.com.ar\/index.php\/wp-json\/wp\/v2\/posts"}],"about":[{"href":"https:\/\/chacosintesis.com.ar\/index.php\/wp-json\/wp\/v2\/types\/post"}],"author":[{"embeddable":true,"href":"https:\/\/chacosintesis.com.ar\/index.php\/wp-json\/wp\/v2\/users\/1"}],"replies":[{"embeddable":true,"href":"https:\/\/chacosintesis.com.ar\/index.php\/wp-json\/wp\/v2\/comments?post=26404"}],"version-history":[{"count":0,"href":"https:\/\/chacosintesis.com.ar\/index.php\/wp-json\/wp\/v2\/posts\/26404\/revisions"}],"wp:featuredmedia":[{"embeddable":true,"href":"https:\/\/chacosintesis.com.ar\/index.php\/wp-json\/wp\/v2\/media\/26405"}],"wp:attachment":[{"href":"https:\/\/chacosintesis.com.ar\/index.php\/wp-json\/wp\/v2\/media?parent=26404"}],"wp:term":[{"taxonomy":"category","embeddable":true,"href":"https:\/\/chacosintesis.com.ar\/index.php\/wp-json\/wp\/v2\/categories?post=26404"},{"taxonomy":"post_tag","embeddable":true,"href":"https:\/\/chacosintesis.com.ar\/index.php\/wp-json\/wp\/v2\/tags?post=26404"}],"curies":[{"name":"wp","href":"https:\/\/api.w.org\/{rel}","templated":true}]}}