{"id":26398,"date":"2023-09-05T16:35:23","date_gmt":"2023-09-05T19:35:23","guid":{"rendered":"https:\/\/chacosintesis.com.ar\/?p=26398"},"modified":"2023-09-05T16:38:23","modified_gmt":"2023-09-05T19:38:23","slug":"resistencia-se-incendio-un-vehiculo-luego-de-cargar-combustible-en-una-estacion-de-servicio","status":"publish","type":"post","link":"https:\/\/chacosintesis.com.ar\/index.php\/resistencia-se-incendio-un-vehiculo-luego-de-cargar-combustible-en-una-estacion-de-servicio\/","title":{"rendered":"Resistencia: Se incendi\u00f3 un veh\u00edculo luego de cargar combustible en una estaci\u00f3n de servicio"},"content":{"rendered":"<div class=\"postie-post\">El conductor de una Eco Sport par\u00f3 a cargar combustible en la estaci\u00f3n ubicada en avenida 9 de Julio y calle 7 y al darle arranque se gener\u00f3 un aparente cortocircuito que termin\u00f3 consumiendo el autom\u00f3vil. No hubo lesionados. R\u00e1pidamente los empleados de la estaci\u00f3n de servicio advirtieron la situaci\u00f3n y en primer lugar sacaron al conductor del veh\u00edculo. Luego retiraron el veh\u00edculo de las zonas cercanas a los tanques de combustible e intervinieron con matafuegos. Al lugar arrib\u00f3 una dotaci\u00f3n de bomberos que intervino para controlar el fuego y adem\u00e1s iniciar\u00e1 los peritajes para conocer los motivos de la falla que desencadenaron el incendio del veh\u00edculo.<br \/>\nFuente: Norte<\/div>\n","protected":false},"excerpt":{"rendered":"<p>El conductor de una Eco Sport par\u00f3 a cargar combustible en la estaci\u00f3n ubicada en avenida 9 de Julio y calle 7 y al darle arranque se gener\u00f3 un aparente cortocircuito que termin\u00f3 consumiendo el autom\u00f3vil. No hubo lesionados. R\u00e1pidamente los empleados de la estaci\u00f3n de servicio advirtieron la situaci\u00f3n y en primer lugar sacaron [&hellip;]<\/p>\n","protected":false},"author":1,"featured_media":26399,"comment_status":"closed","ping_status":"closed","sticky":false,"template":"","format":"standard","meta":{"footnotes":""},"categories":[6],"tags":[],"class_list":{"0":"post-26398","1":"post","2":"type-post","3":"status-publish","4":"format-standard","5":"has-post-thumbnail","7":"category-chaco"},"_links":{"self":[{"href":"https:\/\/chacosintesis.com.ar\/index.php\/wp-json\/wp\/v2\/posts\/26398","targetHints":{"allow":["GET"]}}],"collection":[{"href":"https:\/\/chacosintesis.com.ar\/index.php\/wp-json\/wp\/v2\/posts"}],"about":[{"href":"https:\/\/chacosintesis.com.ar\/index.php\/wp-json\/wp\/v2\/types\/post"}],"author":[{"embeddable":true,"href":"https:\/\/chacosintesis.com.ar\/index.php\/wp-json\/wp\/v2\/users\/1"}],"replies":[{"embeddable":true,"href":"https:\/\/chacosintesis.com.ar\/index.php\/wp-json\/wp\/v2\/comments?post=26398"}],"version-history":[{"count":0,"href":"https:\/\/chacosintesis.com.ar\/index.php\/wp-json\/wp\/v2\/posts\/26398\/revisions"}],"wp:featuredmedia":[{"embeddable":true,"href":"https:\/\/chacosintesis.com.ar\/index.php\/wp-json\/wp\/v2\/media\/26399"}],"wp:attachment":[{"href":"https:\/\/chacosintesis.com.ar\/index.php\/wp-json\/wp\/v2\/media?parent=26398"}],"wp:term":[{"taxonomy":"category","embeddable":true,"href":"https:\/\/chacosintesis.com.ar\/index.php\/wp-json\/wp\/v2\/categories?post=26398"},{"taxonomy":"post_tag","embeddable":true,"href":"https:\/\/chacosintesis.com.ar\/index.php\/wp-json\/wp\/v2\/tags?post=26398"}],"curies":[{"name":"wp","href":"https:\/\/api.w.org\/{rel}","templated":true}]}}