{"id":26390,"date":"2023-09-05T16:20:36","date_gmt":"2023-09-05T19:20:36","guid":{"rendered":"https:\/\/chacosintesis.com.ar\/?p=26390"},"modified":"2023-09-05T16:38:02","modified_gmt":"2023-09-05T19:38:02","slug":"abren-nuevas-empresas-en-el-chaco-pertenecientes-a-distintos-sectores-y-cadenas-de-valor","status":"publish","type":"post","link":"https:\/\/chacosintesis.com.ar\/index.php\/abren-nuevas-empresas-en-el-chaco-pertenecientes-a-distintos-sectores-y-cadenas-de-valor\/","title":{"rendered":"Abren nuevas empresas en el Chaco pertenecientes a distintos sectores y cadenas de valor"},"content":{"rendered":"<div class=\"postie-post\">Desde este mi\u00e9rcoles y hasta el viernes abrir\u00e1n sus puertas diversas industrias como una planta de marroquiner\u00eda y f\u00e1brica de prendas de vestir en Resistencia y otros emprendimientos en el parque tecnol\u00f3gico de Fontana. Compartir Twittear Correo electr\u00f3nico Compartir<br \/>\nEl ministro de Industria, Producci\u00f3n y Empleo Sebasti\u00e1n Lifton adelant\u00f3 este martes que durante las pr\u00f3ximas jornadas se inaugurar\u00e1n en la provincia f\u00e1bricas y establecimientos privados pertenecientes a distintos sectores y cadenas de valor. \u201cEn el marco de lo que hemos denominado Semana de la Industria, el gobernador Jorge Capitanich acompa\u00f1ar\u00e1 desde ma\u00f1ana mi\u00e9rcoles y hasta el viernes la apertura de empresas en distintos puntos del Chaco\u201d, afirm\u00f3.<br \/>\nEste mi\u00e9rcoles el mandatario acompa\u00f1ar\u00e1 en Resistencia la inauguraci\u00f3n de la firma Carlotex, una planta de marroquiner\u00eda que pertenece a una reconocida cadena de comercializaci\u00f3n masiva y que, en una segunda etapa, incorporar\u00e1 producci\u00f3n textil. En tanto el jueves har\u00e1 lo propio con Gabam Textil, tambi\u00e9n en la capital provincial, empresa de capitales nacionales que comenzar\u00e1 a fabricar prendas de vestir desde el Chaco.<br \/>\nEl viernes participar\u00e1 de la puesta en marcha de un conglomerado de empresas en el parque tecnol\u00f3gico de Fontana; mientras que el martes habr\u00e1 una recorrida por un frigor\u00edfico bovino exportador \u201cque es realmente estrat\u00e9gico no solo para el Chaco sino para todo el Norte Grande\u201d.<br \/>\nLa puesta en funcionamiento de estas nuevas f\u00e1bricas se suma a las recientemente inauguradas en Puerto Vilelas (Kagiva, que produce pelotas de f\u00fatbol y otros deportes) y Puerto Tirol (Altotek, una planta de procesamiento textil y lavadero de tela de jeans). \u201cEsto es lo que ha hecho la gesti\u00f3n Capitanich: generar las condiciones para que la industria chaque\u00f1a pueda crecer y se cristalicen nuevas radicaciones y nuevas inversiones\u201d, enfatiz\u00f3 Lifton.<br \/>\nEl ministro destac\u00f3 la apertura de establecimientos de car\u00e1cter fabril porque eso implica la dinamizaci\u00f3n de la econom\u00eda en la provincia, pero por sobre todo, la creaci\u00f3n de puestos de trabajo y oportunidades laborales para las y los chaque\u00f1os. \u201cSeguimos haciendo base desde la provincia con el desarrollo industrial que venimos presentando, sirviendo y desarrollando desde ya desde hace mucho tiempo al crecimiento del pa\u00eds\u201d, remarc\u00f3.<\/div>\n","protected":false},"excerpt":{"rendered":"<p>Desde este mi\u00e9rcoles y hasta el viernes abrir\u00e1n sus puertas diversas industrias como una planta de marroquiner\u00eda y f\u00e1brica de prendas de vestir en Resistencia y otros emprendimientos en el parque tecnol\u00f3gico de Fontana. Compartir Twittear Correo electr\u00f3nico Compartir El ministro de Industria, Producci\u00f3n y Empleo Sebasti\u00e1n Lifton adelant\u00f3 este martes que durante las pr\u00f3ximas [&hellip;]<\/p>\n","protected":false},"author":1,"featured_media":26391,"comment_status":"closed","ping_status":"closed","sticky":false,"template":"","format":"standard","meta":{"footnotes":""},"categories":[6],"tags":[],"class_list":{"0":"post-26390","1":"post","2":"type-post","3":"status-publish","4":"format-standard","5":"has-post-thumbnail","7":"category-chaco"},"_links":{"self":[{"href":"https:\/\/chacosintesis.com.ar\/index.php\/wp-json\/wp\/v2\/posts\/26390","targetHints":{"allow":["GET"]}}],"collection":[{"href":"https:\/\/chacosintesis.com.ar\/index.php\/wp-json\/wp\/v2\/posts"}],"about":[{"href":"https:\/\/chacosintesis.com.ar\/index.php\/wp-json\/wp\/v2\/types\/post"}],"author":[{"embeddable":true,"href":"https:\/\/chacosintesis.com.ar\/index.php\/wp-json\/wp\/v2\/users\/1"}],"replies":[{"embeddable":true,"href":"https:\/\/chacosintesis.com.ar\/index.php\/wp-json\/wp\/v2\/comments?post=26390"}],"version-history":[{"count":0,"href":"https:\/\/chacosintesis.com.ar\/index.php\/wp-json\/wp\/v2\/posts\/26390\/revisions"}],"wp:featuredmedia":[{"embeddable":true,"href":"https:\/\/chacosintesis.com.ar\/index.php\/wp-json\/wp\/v2\/media\/26391"}],"wp:attachment":[{"href":"https:\/\/chacosintesis.com.ar\/index.php\/wp-json\/wp\/v2\/media?parent=26390"}],"wp:term":[{"taxonomy":"category","embeddable":true,"href":"https:\/\/chacosintesis.com.ar\/index.php\/wp-json\/wp\/v2\/categories?post=26390"},{"taxonomy":"post_tag","embeddable":true,"href":"https:\/\/chacosintesis.com.ar\/index.php\/wp-json\/wp\/v2\/tags?post=26390"}],"curies":[{"name":"wp","href":"https:\/\/api.w.org\/{rel}","templated":true}]}}