{"id":26388,"date":"2023-09-05T16:19:34","date_gmt":"2023-09-05T19:19:34","guid":{"rendered":"https:\/\/chacosintesis.com.ar\/?p=26388"},"modified":"2023-09-05T16:37:57","modified_gmt":"2023-09-05T19:37:57","slug":"castelli-declararon-imputado-y-testigos-en-el-historico-primer-juicio-por-jurados","status":"publish","type":"post","link":"https:\/\/chacosintesis.com.ar\/index.php\/castelli-declararon-imputado-y-testigos-en-el-historico-primer-juicio-por-jurados\/","title":{"rendered":"Castelli: declararon imputado y testigos en el hist\u00f3rico primer juicio por jurados"},"content":{"rendered":"<div class=\"postie-post\">Ma\u00f1ana mi\u00e9rcoles, alegatos e instrucciones finales.<br \/>\nLa segunda audiencia del primer juicio por jurados que se realiza en Juan Jos\u00e9 Castelli culmin\u00f3 con la declaraci\u00f3n de Mauricio Alejandro Seibel, imputado por el supuesto homicidio de Gast\u00f3n Galv\u00e1n. Fue luego de que declarasen los seis testigos ofrecidos por las partes en la causa 4.363\/2021-6 que tiene como jueza t\u00e9cnica a la camarista Alejandra Genovese. Al inicio de la jornada la fiscal\u00eda, querella y defensa formularon los alegatos de apertura.<br \/>\nLas partes que intervienen son el fiscal de C\u00e1mara Carlos Calvo, el fiscal de investigaci\u00f3n N\u00ba 2, Ger\u00f3nimo Roggero; los querellantes particulares N\u00e9stor Irasusta y Sergio Abrigo, y el abogado defensor Jos\u00e9 Maidana. La organizaci\u00f3n del juicio est\u00e1 a cargo de la Oficina Judicial de Juicio Por Jurados de Castelli.<br \/>\nMi\u00e9rcoles: alegatos de cierre, instrucciones finales y veredicto<br \/>\nLa audiencia del mi\u00e9rcoles comenzar\u00e1 a las 8.30 con los alegatos de cierre y luego la jueza Genovese leer\u00e1 al jurado las instrucciones finales, tras lo cual pasar\u00e1n a deliberar durante un m\u00ednimo de dos horas antes de llegar a un veredicto que deber\u00e1 ser un\u00e1nime.<br \/>\nTodas las instancias p\u00fablicas del juicio son transmitidas a trav\u00e9s del canal de Youtube de la Oficina Judicial Central de Juicio por Jurados: <a href=\"https:\/\/www.youtube.com\/channel\/UC9lAokdQxde7s17Z9jJm4Xw\">www.youtube.com\/channel\/UC9lAokdQxde7s17Z9jJm4Xw<\/a> y quedar\u00e1n disponibles para su consulta posterior. Esto incluye: instrucciones iniciales, alegatos de apertura y de cierre, instrucciones finales y veredicto.<\/div>\n","protected":false},"excerpt":{"rendered":"<p>Ma\u00f1ana mi\u00e9rcoles, alegatos e instrucciones finales. La segunda audiencia del primer juicio por jurados que se realiza en Juan Jos\u00e9 Castelli culmin\u00f3 con la declaraci\u00f3n de Mauricio Alejandro Seibel, imputado por el supuesto homicidio de Gast\u00f3n Galv\u00e1n. Fue luego de que declarasen los seis testigos ofrecidos por las partes en la causa 4.363\/2021-6 que tiene [&hellip;]<\/p>\n","protected":false},"author":1,"featured_media":26389,"comment_status":"closed","ping_status":"closed","sticky":false,"template":"","format":"standard","meta":{"footnotes":""},"categories":[6],"tags":[],"class_list":{"0":"post-26388","1":"post","2":"type-post","3":"status-publish","4":"format-standard","5":"has-post-thumbnail","7":"category-chaco"},"_links":{"self":[{"href":"https:\/\/chacosintesis.com.ar\/index.php\/wp-json\/wp\/v2\/posts\/26388","targetHints":{"allow":["GET"]}}],"collection":[{"href":"https:\/\/chacosintesis.com.ar\/index.php\/wp-json\/wp\/v2\/posts"}],"about":[{"href":"https:\/\/chacosintesis.com.ar\/index.php\/wp-json\/wp\/v2\/types\/post"}],"author":[{"embeddable":true,"href":"https:\/\/chacosintesis.com.ar\/index.php\/wp-json\/wp\/v2\/users\/1"}],"replies":[{"embeddable":true,"href":"https:\/\/chacosintesis.com.ar\/index.php\/wp-json\/wp\/v2\/comments?post=26388"}],"version-history":[{"count":0,"href":"https:\/\/chacosintesis.com.ar\/index.php\/wp-json\/wp\/v2\/posts\/26388\/revisions"}],"wp:featuredmedia":[{"embeddable":true,"href":"https:\/\/chacosintesis.com.ar\/index.php\/wp-json\/wp\/v2\/media\/26389"}],"wp:attachment":[{"href":"https:\/\/chacosintesis.com.ar\/index.php\/wp-json\/wp\/v2\/media?parent=26388"}],"wp:term":[{"taxonomy":"category","embeddable":true,"href":"https:\/\/chacosintesis.com.ar\/index.php\/wp-json\/wp\/v2\/categories?post=26388"},{"taxonomy":"post_tag","embeddable":true,"href":"https:\/\/chacosintesis.com.ar\/index.php\/wp-json\/wp\/v2\/tags?post=26388"}],"curies":[{"name":"wp","href":"https:\/\/api.w.org\/{rel}","templated":true}]}}