{"id":26386,"date":"2023-09-05T16:18:01","date_gmt":"2023-09-05T19:18:01","guid":{"rendered":"https:\/\/chacosintesis.com.ar\/?p=26386"},"modified":"2023-09-05T16:37:52","modified_gmt":"2023-09-05T19:37:52","slug":"puerto-tirol-se-inaugura-la-primera-etapa-de-la-fabrica-social-de-acordeones","status":"publish","type":"post","link":"https:\/\/chacosintesis.com.ar\/index.php\/puerto-tirol-se-inaugura-la-primera-etapa-de-la-fabrica-social-de-acordeones\/","title":{"rendered":"Puerto Tirol: se inaugura la primera etapa de la F\u00e1brica Social de Acordeones"},"content":{"rendered":"<div class=\"postie-post\">Este mi\u00e9rcoles 6 de septiembre, a las 20, en el Centro Cultural La Mara\u00f1a de Puerto Tirol, se inaugurar\u00e1 la primera etapa de la primera F\u00e1brica Social de Acordeones del pa\u00eds. Estar\u00e1n presentes el ministro de Cultura de la Naci\u00f3n, Tristan Bauer; el gobernador del Chaco, Jorge Capitanich y el presidente del Instituto de Cultura, Francisco Romero, entre otros.<br \/>\nSe trata de una iniciativa de la Fundaci\u00f3n Puerto Tirol es Chamam\u00e9, la Fundaci\u00f3n Huoqo y la Fundaci\u00f3n Borghetti, con acompa\u00f1amiento del Gobierno Provincial, a trav\u00e9s del Instituto de Cultura del Chaco y financiamiento del Ministerio de Cultura de la Naci\u00f3n. El emprendimiento fabricar\u00e1 acordeones que ser\u00e1n destinados, de manera gratuita, a los m\u00e1s de 300 estudiantes de la Escuela de Arte de la Fundaci\u00f3n Huoqo. Entre los principales objetivos est\u00e1n la acumulaci\u00f3n y transmisi\u00f3n de saberes del oficio de la luther\u00eda en la regi\u00f3n.<br \/>\nLa idea surge a partir de un acuerdo firmado con el Instituto Renato Borgetti (Brasil) que cedi\u00f3 una licencia industrial de forma gratuita y comprometi\u00f3 el acompa\u00f1amiento en la trasmisi\u00f3n de la experiencia acumulada con su exitosa experiencia social y cultural \u201cF\u00e1brica de Gaiteiros\u201d.<br \/>\nEl presidente del ICCH, Francisco Romero ponder\u00f3 que \u201cse trata de un acontecimiento in\u00e9dito ya que actualmente no existe en Argentina ninguna f\u00e1brica de acorde\u00f3n; este hecho redundar\u00e1 en un enorme beneficio para los chaque\u00f1os y chaque\u00f1as y ser\u00e1 un hito en nuestro trabajo por conformarnos como polo de las industrias culturales\u201d.<br \/>\nLa construcci\u00f3n se inici\u00f3 el 16 de junio de este a\u00f1o y a la fecha se encuentra en un 60% del total de obra. Con todas sus paredes externas e internas, fundaciones estructurales, techo, aberturas externas y revoques en pleno desarrollo. El proyecto de construcci\u00f3n tiene plazo de culminaci\u00f3n para el 17 de octubre. Luego comenzar\u00e1 el equipamiento de maquinarias para su puesta en marcha definitiva antes de fin de a\u00f1o.<br \/>\nSobre el proyecto<br \/>\nEl 16 de enero de 2023 se inici\u00f3 este proyecto, durante la visita del ministro a Corrientes, en el marco de la Fiesta Nacional del Chamam\u00e9. Luego de interiorizarse, hubo una decisi\u00f3n pol\u00edtica del Ministerio de Cultura de la Naci\u00f3n de acompa\u00f1ar el proyecto y, tambi\u00e9n, de financiar la totalidad de la construcci\u00f3n de la F\u00e1brica.<br \/>\nUna pieza importante de este plan es Renato Borghetti, uno de los principales acordeonistas y compositores de la m\u00fasica ga\u00facha, quien actualmente tiene una f\u00e1brica social de acordeones en R\u00edo Grande do Sul (Brasil) el cual, mediante un convenio de cooperaci\u00f3n, cedi\u00f3 la franquicia para poder crear en el Centro Cultural la Mara\u00f1a de Puerto Tirol una r\u00e9plica de la misma. De esta manera, la Fundaci\u00f3n Borghetti aportar\u00e1 el know how: sus saberes t\u00e9cnicos y administrativos, capacitando a todas las personas que dar\u00e1n vida a la f\u00e1brica.<br \/>\nEn abril, durante la reuni\u00f3n que se desarroll\u00f3 en la Casa de las Culturas junto a representantes del Fondo Nacional de las Artes, entre el presidente del Instituto de Cultura del Chaco, Francisco \u201cTete\u201d Romero; la presidenta del Fondo Nacional de las Artes, Diana Saiegh y su gerente de Comunicaci\u00f3n y Relaciones Institucionales, Alberto Arias, se acord\u00f3 el acompa\u00f1amiento del FNA al desarrollo de la F\u00e1brica Social de Acordeones en Puerto Tirol.<br \/>\nParalelamente, esa reuni\u00f3n se decidi\u00f3 hacer un trabajo con la Fundaci\u00f3n Cultural La Mara\u00f1a de Puerto Tirol, acompa\u00f1ando el proceso de la F\u00e1brica Social de Acordeones, como tambi\u00e9n al proceso de cooperaci\u00f3n entre la F\u00e1brica, el Centro Cultural La Mara\u00f1a y de la Fundaci\u00f3n Huoqo (cuya escuela de arte alberga m\u00e1s de 300 estudiantes), con otras instituciones art\u00edsticas y educativas del pa\u00eds, que tambi\u00e9n podr\u00edan llegar a ser beneficiarias de lo que ser\u00e1 la F\u00e1brica Social de Acordeones, cuya inauguraci\u00f3n se prev\u00e9 hacia fines de agosto. Para ello, la Fundaci\u00f3n tirolera ofrece el terreno \u2013en donde funciona La Mara\u00f1a- en comodato por 25 a\u00f1os, y el Gobierno provincial realiza la construcci\u00f3n edilicia de la f\u00e1brica.<\/div>\n","protected":false},"excerpt":{"rendered":"<p>Este mi\u00e9rcoles 6 de septiembre, a las 20, en el Centro Cultural La Mara\u00f1a de Puerto Tirol, se inaugurar\u00e1 la primera etapa de la primera F\u00e1brica Social de Acordeones del pa\u00eds. Estar\u00e1n presentes el ministro de Cultura de la Naci\u00f3n, Tristan Bauer; el gobernador del Chaco, Jorge Capitanich y el presidente del Instituto de Cultura, [&hellip;]<\/p>\n","protected":false},"author":1,"featured_media":26387,"comment_status":"closed","ping_status":"closed","sticky":false,"template":"","format":"standard","meta":{"footnotes":""},"categories":[6],"tags":[],"class_list":{"0":"post-26386","1":"post","2":"type-post","3":"status-publish","4":"format-standard","5":"has-post-thumbnail","7":"category-chaco"},"_links":{"self":[{"href":"https:\/\/chacosintesis.com.ar\/index.php\/wp-json\/wp\/v2\/posts\/26386","targetHints":{"allow":["GET"]}}],"collection":[{"href":"https:\/\/chacosintesis.com.ar\/index.php\/wp-json\/wp\/v2\/posts"}],"about":[{"href":"https:\/\/chacosintesis.com.ar\/index.php\/wp-json\/wp\/v2\/types\/post"}],"author":[{"embeddable":true,"href":"https:\/\/chacosintesis.com.ar\/index.php\/wp-json\/wp\/v2\/users\/1"}],"replies":[{"embeddable":true,"href":"https:\/\/chacosintesis.com.ar\/index.php\/wp-json\/wp\/v2\/comments?post=26386"}],"version-history":[{"count":0,"href":"https:\/\/chacosintesis.com.ar\/index.php\/wp-json\/wp\/v2\/posts\/26386\/revisions"}],"wp:featuredmedia":[{"embeddable":true,"href":"https:\/\/chacosintesis.com.ar\/index.php\/wp-json\/wp\/v2\/media\/26387"}],"wp:attachment":[{"href":"https:\/\/chacosintesis.com.ar\/index.php\/wp-json\/wp\/v2\/media?parent=26386"}],"wp:term":[{"taxonomy":"category","embeddable":true,"href":"https:\/\/chacosintesis.com.ar\/index.php\/wp-json\/wp\/v2\/categories?post=26386"},{"taxonomy":"post_tag","embeddable":true,"href":"https:\/\/chacosintesis.com.ar\/index.php\/wp-json\/wp\/v2\/tags?post=26386"}],"curies":[{"name":"wp","href":"https:\/\/api.w.org\/{rel}","templated":true}]}}