{"id":26384,"date":"2023-09-05T16:16:03","date_gmt":"2023-09-05T19:16:03","guid":{"rendered":"https:\/\/chacosintesis.com.ar\/?p=26384"},"modified":"2023-09-05T16:37:47","modified_gmt":"2023-09-05T19:37:47","slug":"gobernadores-del-norte-grande-se-reunieron-para-analizar-la-agenda-de-desarrollo-regional","status":"publish","type":"post","link":"https:\/\/chacosintesis.com.ar\/index.php\/gobernadores-del-norte-grande-se-reunieron-para-analizar-la-agenda-de-desarrollo-regional\/","title":{"rendered":"Gobernadores del Norte Grande se reunieron para analizar la agenda de desarrollo regional"},"content":{"rendered":"<div class=\"postie-post\">Con la participaci\u00f3n del gobernador del Chaco. El gobernador Jorge Capitanich particip\u00f3 este lunes por la tarde, de la reuni\u00f3n de la Asamblea de Gobernadores del Norte Grande, que se realiz\u00f3 v\u00eda Zoom. Como lo hacen en cada encuentro, los mandatarios provinciales discutieron temas centrales para el desarrollo estrat\u00e9gico de la regi\u00f3n. Entre los temas de agenda se abordaron los avances en la Agencia de Ciencia, Tecnolog\u00eda e Innovaci\u00f3n, definiciones para el proyecto de ley sobre el Plan de Estrategia Log\u00edstica del NG, la pr\u00f3xima Misi\u00f3n T\u00e9cnica a Brasil, la adhesi\u00f3n a la ley N\u00b0 27.424, que crea el R\u00e9gimen de Fomento a la Generaci\u00f3n Distribuida de Energ\u00eda Renovable integrada a la Red El\u00e9ctrica P\u00fablica y la posibilidad de inversi\u00f3n de 2500 Megavatios de energ\u00edas renovables en la regi\u00f3n. Se abord\u00f3 adem\u00e1s la participaci\u00f3n en la Convenci\u00f3n de las Naciones Unidas sobre el Cambio Clim\u00e1tico (COP 28) que se llevar\u00e1 a cabo en Dubai del 30 de noviembre al 12 de diciembre de 2023. Por \u00faltimo, se estableci\u00f3 que la pr\u00f3xima Asamblea presencial se realizar\u00e1 el d\u00eda martes 12 de septiembre. Participaron de la reuni\u00f3n, el presidente pro t\u00e9mpore del bloque regional, el gobernador de Santiago del Estero, Gerardo Zamora; Ra\u00fal Jalil (Catamarca); Gildo Insfr\u00e1n (Formosa); Ricardo Quintela (La Rioja); Jorge Capitanich (Chaco); Gerardo Morales (Jujuy); Oscar Herrera Auad (Misiones); Gustavo Vald\u00e9s (Corrientes); Gustavo S\u00e1enz (Salta) y Juan Manz\u00far (Tucum\u00e1n).<\/div>\n","protected":false},"excerpt":{"rendered":"<p>Con la participaci\u00f3n del gobernador del Chaco. El gobernador Jorge Capitanich particip\u00f3 este lunes por la tarde, de la reuni\u00f3n de la Asamblea de Gobernadores del Norte Grande, que se realiz\u00f3 v\u00eda Zoom. Como lo hacen en cada encuentro, los mandatarios provinciales discutieron temas centrales para el desarrollo estrat\u00e9gico de la regi\u00f3n. Entre los temas [&hellip;]<\/p>\n","protected":false},"author":1,"featured_media":26385,"comment_status":"closed","ping_status":"closed","sticky":false,"template":"","format":"standard","meta":{"footnotes":""},"categories":[6],"tags":[],"class_list":{"0":"post-26384","1":"post","2":"type-post","3":"status-publish","4":"format-standard","5":"has-post-thumbnail","7":"category-chaco"},"_links":{"self":[{"href":"https:\/\/chacosintesis.com.ar\/index.php\/wp-json\/wp\/v2\/posts\/26384","targetHints":{"allow":["GET"]}}],"collection":[{"href":"https:\/\/chacosintesis.com.ar\/index.php\/wp-json\/wp\/v2\/posts"}],"about":[{"href":"https:\/\/chacosintesis.com.ar\/index.php\/wp-json\/wp\/v2\/types\/post"}],"author":[{"embeddable":true,"href":"https:\/\/chacosintesis.com.ar\/index.php\/wp-json\/wp\/v2\/users\/1"}],"replies":[{"embeddable":true,"href":"https:\/\/chacosintesis.com.ar\/index.php\/wp-json\/wp\/v2\/comments?post=26384"}],"version-history":[{"count":0,"href":"https:\/\/chacosintesis.com.ar\/index.php\/wp-json\/wp\/v2\/posts\/26384\/revisions"}],"wp:featuredmedia":[{"embeddable":true,"href":"https:\/\/chacosintesis.com.ar\/index.php\/wp-json\/wp\/v2\/media\/26385"}],"wp:attachment":[{"href":"https:\/\/chacosintesis.com.ar\/index.php\/wp-json\/wp\/v2\/media?parent=26384"}],"wp:term":[{"taxonomy":"category","embeddable":true,"href":"https:\/\/chacosintesis.com.ar\/index.php\/wp-json\/wp\/v2\/categories?post=26384"},{"taxonomy":"post_tag","embeddable":true,"href":"https:\/\/chacosintesis.com.ar\/index.php\/wp-json\/wp\/v2\/tags?post=26384"}],"curies":[{"name":"wp","href":"https:\/\/api.w.org\/{rel}","templated":true}]}}