{"id":26382,"date":"2023-09-05T16:14:10","date_gmt":"2023-09-05T19:14:10","guid":{"rendered":"https:\/\/chacosintesis.com.ar\/?p=26382"},"modified":"2023-09-05T16:37:43","modified_gmt":"2023-09-05T19:37:43","slug":"el-coro-qom-chelaalapi-emprendera-una-nueva-gira-por-europa","status":"publish","type":"post","link":"https:\/\/chacosintesis.com.ar\/index.php\/el-coro-qom-chelaalapi-emprendera-una-nueva-gira-por-europa\/","title":{"rendered":"El Coro Qom Chelaalapi emprender\u00e1 una nueva gira por Europa"},"content":{"rendered":"<div class=\"postie-post\">Presentar\u00e1n su cuarto trabajo de estudio \u201cCampo del cielo\u201d, que se realiz\u00f3 en colaboraci\u00f3n con el productor Lagartijeando. Esta ser\u00e1 la segunda visita del m\u00edtico coro al viejo continente.<br \/>\nDel 13 al 17 de septiembre el Coro Qom Chelaalapi, cuerpo estable del Instituto de Cultura del Chaco, llevar\u00e1 adelante su gira por Europa para presentar su cuarto trabajo de estudio \u201cCampo del cielo\u201d que se realiz\u00f3 en colaboraci\u00f3n con el productor Lagartijeando. Esta ser\u00e1 la segunda visita del m\u00edtico coro al viejo continente.<br \/>\nCon una producci\u00f3n de Guacamayo Tropical, la gira comienza el mi\u00e9rcoles 13 de septiembre en Madrid; en El Intruso (C. de Augusto Figueroa, 3). Luego, el jueves 14, la agrupaci\u00f3n realizar\u00e1 su primera presentaci\u00f3n en Francia en la ciudad de La Rochelle (se presentar\u00e1n en La Rebelle). La gira continuar\u00e1 el viernes 15 de septiembre y se presentar\u00e1n en Par\u00eds en L\u2019Alimentation G\u00e9n\u00e9rale; este show, al igual que el de Barcelona, es una producci\u00f3n de \u201cdeputamadre club\u201d, una de las mayores productoras de shows latinos en Europa.<br \/>\nA su vez, el s\u00e1bado 16 de septiembre tocar\u00e1n en Toulouse, donde presentar\u00e1n un showcase en \u201cMotor\u201d. La producci\u00f3n de esta fecha est\u00e1 a cargo de Shika Shika. Para finalizar, el cierre de la gira ser\u00e1 en Barcelona el domingo 17 de septiembre. Con producci\u00f3n de \u201cdeputamadre club\u201d se presentar\u00e1n en Razzmatazz, una de las salas m\u00e1s importantes de esa ciudad.<br \/>\nCampo del Cielo<br \/>\nSe trata de un EP editado por el sello londinense Shika Shika en colaboraci\u00f3n entre el coro y el productor Mat\u00edas Zundel. Este es el cuarto trabajo que realizan en conjunto para Latinoam\u00e9rica y se lo ha concebido a modo de celebraci\u00f3n por el 61 aniversario de trayectoria de la \u201cBandada de zorzales\u201d.<br \/>\n\u201cCampo del Cielo\u201d cuenta con 3 tracks producidos por Lagartijeando, quien experimenta con la tradici\u00f3n Qom en un plano electr\u00f3nico org\u00e1nico y bailable. Complementariamente, Campo del Cielo presenta 3 grabaciones in\u00e9ditas y originales del Coro Qom Chelaalap\u00ed, grabadas por Lagartijeando en Resistencia, Chaco. El primer single de esta obra, \u201cCanci\u00f3n de cuna\u201d fue estrenado en marzo de este a\u00f1o.<br \/>\nCoro Qom Chelaalapi<br \/>\nEl Chelaalapi fue el primer coro ind\u00edgena fundado en Latinoam\u00e9rica. Se cre\u00f3 en 1962 y desde entonces mantiene vivo el legado de diversas generaciones ind\u00edgenas interpretando sus canciones en lengua original, ejecutando instrumentos tradicionales y poniendo en valor el patrimonio cultural, visibilizando as\u00ed nuestra identidad multicultural y diversa a nivel nacional e internacional.<br \/>\nFue reconocido y declarado oficialmente como Embajador Cultural de la etnia Qom, Coro Oficial de la Provincia del Chaco, Patrimonio Cultural y S\u00edmbolo de la Cultura Chaque\u00f1a por el Poder Ejecutivo, Patrimonio Cultural Viviente del Chaco (propuesto por la UNESCO-2006), Patrimonio Cultural Viviente (C\u00e1mara de Diputados del Chaco) y Declaraci\u00f3n de Inter\u00e9s Cultural (Senado de la Naci\u00f3n Argentina, abril de 2008).<br \/>\nTrayectoria de una Bandada de Zorzales<br \/>\nSu nombre significa Bandada de Zorzales. Esta agrupaci\u00f3n fue impulsada por In\u00e9s Garc\u00eda de M\u00e1rquez. Los primeros ensayos fueron a capela y con el correr del tiempo se incorporaron las sonajas de mate, el n\u2019vique (viol\u00edn de lata), el palo de lluvia, el bombo y finalmente las pezu\u00f1as de cabra. Se presentaron en los m\u00e1s variados escenarios provinciales, nacionales, e internacionales y fue reconocido en todos esos \u00e1mbitos.<br \/>\nEn su larga trayectoria el Coro fue realizando diversas experimentaciones musicales, como la fusi\u00f3n con artistas latinoamericanos provenientes del folclore digital. Fruto de esos cruces, que deviene en una mixtura de lo ancestral y contempor\u00e1neo, son los siguientes discos publicados: Coro Chelaalapi Meets Lagartijeando (junto a Mat\u00edas Zundel) (2019, Big In Japan), Remixes &amp; Ra\u00edces (2018, Instituto de Cultura Chaco), Remixes Coro Chelaalapi (2017, ICC \/ Club del Disco) y Campo del Cielo (2023, Shika Shika).<br \/>\nEl Coro realiz\u00f3 giras por importantes escenarios locales, nacionales e internacionales. En 2018 represent\u00f3 al Chaco en compa\u00f1\u00eda del artista sonoro, productor y DJ Mat\u00edas Zundel por pa\u00edses vecinos y por Europa, viaje que los llev\u00f3 por Asunci\u00f3n, Madrid, y Berl\u00edn, entre otras capitales. En 2019 abri\u00f3 y cerr\u00f3 el a\u00f1o con el Chelaalapi Fest, cuya primera edici\u00f3n se concret\u00f3 en Resistencia y la segunda en el Centro Cultural Recoleta de Buenos Aires. Se present\u00f3 tambi\u00e9n en el Festival Ancestral y Contempor\u00e1neo, en el Festival N\u00f3made Solar, en el Festival Bandera de Rosario, y en el Club Belle Epoque de C\u00f3rdoba.<br \/>\nEn 2020 el elenco fue invitado a participar en el Tribal Gathering, evento que se lleva adelante en Panam\u00e1 y que reuni\u00f3 a m\u00e1s de 60 tribus de todo el mundo con la finalidad de intercambiar experiencias, realizar charlas y shows musicales.<\/div>\n","protected":false},"excerpt":{"rendered":"<p>Presentar\u00e1n su cuarto trabajo de estudio \u201cCampo del cielo\u201d, que se realiz\u00f3 en colaboraci\u00f3n con el productor Lagartijeando. Esta ser\u00e1 la segunda visita del m\u00edtico coro al viejo continente. Del 13 al 17 de septiembre el Coro Qom Chelaalapi, cuerpo estable del Instituto de Cultura del Chaco, llevar\u00e1 adelante su gira por Europa para presentar [&hellip;]<\/p>\n","protected":false},"author":1,"featured_media":26383,"comment_status":"closed","ping_status":"closed","sticky":false,"template":"","format":"standard","meta":{"footnotes":""},"categories":[6],"tags":[],"class_list":{"0":"post-26382","1":"post","2":"type-post","3":"status-publish","4":"format-standard","5":"has-post-thumbnail","7":"category-chaco"},"_links":{"self":[{"href":"https:\/\/chacosintesis.com.ar\/index.php\/wp-json\/wp\/v2\/posts\/26382","targetHints":{"allow":["GET"]}}],"collection":[{"href":"https:\/\/chacosintesis.com.ar\/index.php\/wp-json\/wp\/v2\/posts"}],"about":[{"href":"https:\/\/chacosintesis.com.ar\/index.php\/wp-json\/wp\/v2\/types\/post"}],"author":[{"embeddable":true,"href":"https:\/\/chacosintesis.com.ar\/index.php\/wp-json\/wp\/v2\/users\/1"}],"replies":[{"embeddable":true,"href":"https:\/\/chacosintesis.com.ar\/index.php\/wp-json\/wp\/v2\/comments?post=26382"}],"version-history":[{"count":0,"href":"https:\/\/chacosintesis.com.ar\/index.php\/wp-json\/wp\/v2\/posts\/26382\/revisions"}],"wp:featuredmedia":[{"embeddable":true,"href":"https:\/\/chacosintesis.com.ar\/index.php\/wp-json\/wp\/v2\/media\/26383"}],"wp:attachment":[{"href":"https:\/\/chacosintesis.com.ar\/index.php\/wp-json\/wp\/v2\/media?parent=26382"}],"wp:term":[{"taxonomy":"category","embeddable":true,"href":"https:\/\/chacosintesis.com.ar\/index.php\/wp-json\/wp\/v2\/categories?post=26382"},{"taxonomy":"post_tag","embeddable":true,"href":"https:\/\/chacosintesis.com.ar\/index.php\/wp-json\/wp\/v2\/tags?post=26382"}],"curies":[{"name":"wp","href":"https:\/\/api.w.org\/{rel}","templated":true}]}}