{"id":26374,"date":"2023-09-05T16:04:54","date_gmt":"2023-09-05T19:04:54","guid":{"rendered":"https:\/\/chacosintesis.com.ar\/?p=26374"},"modified":"2023-09-05T16:08:24","modified_gmt":"2023-09-05T19:08:24","slug":"feria-iberoamericana-del-libro-que-ver-escuchar-y-leer-este-martes-5","status":"publish","type":"post","link":"https:\/\/chacosintesis.com.ar\/index.php\/feria-iberoamericana-del-libro-que-ver-escuchar-y-leer-este-martes-5\/","title":{"rendered":"Feria Iberoamericana del Libro: qu\u00e9 ver, escuchar y leer este martes 5"},"content":{"rendered":"<div class=\"postie-post\">Adem\u00e1s de los libros a mitad de precio, el p\u00fablico puede encontrarse con autores, obras y disfrutar de una agenda variada de espect\u00e1culos art\u00edsticos.<br \/>\nLa Feria Iberoamericana del Libro Chaco 2023 (FIL) sigue su curso en una semana que promete encuentros entre el p\u00fablico y la lectura, con los libros como veh\u00edculo. Esta es la agenda de este martes 5.<br \/>\nDurante las ma\u00f1anas la FIL es de las ni\u00f1eces y juventudes, con espacios para disfrutar de la lectura como \u201cEl ba\u00fal m\u00e1gico\u201d para educaci\u00f3n inicial, el pan de lecturas \u201cNarrativa Textil\u201d, el espacio \u201cLa andariega\u201d de la Direcci\u00f3n de Letras y las abuelas cuentacuentos de la Fundaci\u00f3n Mempo Giardinelli.<br \/>\nLa agenda<br \/>\n16 | Espacio Violeta<br \/>\nCharla Los aliados invisibles: Revelando el poder de tu microbiota intestinal a cargo de la licenciada Mar\u00eda Silvina Mansilla Valsechi.<br \/>\nInvita: Universidad Cuenca del Plata<br \/>\n17 | Espacio Magenta<br \/>\nPresentaci\u00f3n del libro Poemas descalzos de Editorial Ojeda. Editorial Escritores Eleutheros<br \/>\n17 | Espacio Naranja<br \/>\nPresentaci\u00f3n de Cuentos y poemas que viajan en cart\u00f3n de Mirian Castillo. Editorial Seres de R\u00edo. Presenta Abel Zalazar.<br \/>\n17 | Espacio Violeta<br \/>\nPresentaci\u00f3n del libro Los S\u00edmbolos del Chaco de Alfredo Jorge Gomez. A 50 a\u00f1os de cumplirse la relaci\u00f3n del autor con Ceremonial y protocolo de la provincia del Chaco. Editorial ConTexto. Presenta Francisco Tete Romero<br \/>\n18 | Espacio Violeta<br \/>\nPresentaci\u00f3n del libro Seminario Ichoalay. Actores locales y sus recuerdos. 1949-1954 de Mar\u00eda Laura Salinas, Fernando Pozzaglio y F\u00e1tima Valenzuela. Editorial ConTexto e IIGHI &#8211; Conicet. Unne. Presentan Mar\u00eda Laura Salinas, Fernando Pozzaglio y F\u00e1tima Valenzuela<br \/>\n19 | Espacio Azul<br \/>\nCoro de Ni\u00f1os del Chaco<br \/>\n19 | Espacio Magenta<br \/>\nConversatorio La poes\u00eda de Lourdes Esp\u00ednola: constantes tem\u00e1ticas y procesos creativos. Presenta Francisco Tete Romero<br \/>\n19 | Espacio Naranja<br \/>\nPresentaci\u00f3n de Cr\u00f3nicas H\u00eddricas. 1998, el \u00faltimo a\u00f1o que estuvimos en peligro de Hugo Rub\u00e9n Rohrmann. Editorial ConTexto. Presenta: Ingeniero Daniel Pegoraro, presidente de la APA<br \/>\n19 | Espacio Violeta<br \/>\nConversatorio Desaf\u00edos y Expectativas Econ\u00f3micas para los pr\u00f3ximos a\u00f1os. Expositor Alejandro Vanoli. Moderador: Adri\u00e1n Atanasoff Invita: Universidad Nacional del Chaco Austral<br \/>\n19 | Espacio Turquesa<br \/>\nTaller abierto de Ritmos y Percusi\u00f3n, a cargo de Carlos Fritz.<br \/>\n20 | Espacio Violeta<br \/>\nPresentaci\u00f3n del libro Feminismos y Pol\u00edtica II: Educaci\u00f3n, cultura y memoria editado por Anabella Di Tullio, Romina Smiraglia y Celina Penchansky. Editorial ConTexto, 2023.<br \/>\nPanelistas Romina Smiraglia (editora del libro y Subdirectora del CEGYF-UNCAUS) Julieta Campo (candidata a Diputada Nacional) Mar\u00eda Silvana P\u00e9rez (Secretaria de Derechos Humanos y G\u00e9neros del Chaco)<br \/>\nModera: Katia Bradford (dise\u00f1adora gr\u00e1fica y psic\u00f3loga social).<br \/>\n20 | Espacio Turquesa<br \/>\nPresentaci\u00f3n del Taller Literario del Centro Cultural La Flota, a cargo del prof. Ariel Maurenzig. Direcci\u00f3n de Cultura y Turismo de la Municipalidad de Barranqueras.<br \/>\n21 | Espacio Turquesa<br \/>\nCiclos Itinerantes de Poes\u00eda.<br \/>\nModera: Julieta Ramos.<br \/>\nM\u00e1s info sobre esta edici\u00f3n en <a href=\"https:\/\/www.filchaco.com.ar\">www.filchaco.com.ar<\/a><\/div>\n","protected":false},"excerpt":{"rendered":"<p>Adem\u00e1s de los libros a mitad de precio, el p\u00fablico puede encontrarse con autores, obras y disfrutar de una agenda variada de espect\u00e1culos art\u00edsticos. La Feria Iberoamericana del Libro Chaco 2023 (FIL) sigue su curso en una semana que promete encuentros entre el p\u00fablico y la lectura, con los libros como veh\u00edculo. Esta es la [&hellip;]<\/p>\n","protected":false},"author":1,"featured_media":26375,"comment_status":"closed","ping_status":"closed","sticky":false,"template":"","format":"standard","meta":{"footnotes":""},"categories":[6],"tags":[],"class_list":{"0":"post-26374","1":"post","2":"type-post","3":"status-publish","4":"format-standard","5":"has-post-thumbnail","7":"category-chaco"},"_links":{"self":[{"href":"https:\/\/chacosintesis.com.ar\/index.php\/wp-json\/wp\/v2\/posts\/26374","targetHints":{"allow":["GET"]}}],"collection":[{"href":"https:\/\/chacosintesis.com.ar\/index.php\/wp-json\/wp\/v2\/posts"}],"about":[{"href":"https:\/\/chacosintesis.com.ar\/index.php\/wp-json\/wp\/v2\/types\/post"}],"author":[{"embeddable":true,"href":"https:\/\/chacosintesis.com.ar\/index.php\/wp-json\/wp\/v2\/users\/1"}],"replies":[{"embeddable":true,"href":"https:\/\/chacosintesis.com.ar\/index.php\/wp-json\/wp\/v2\/comments?post=26374"}],"version-history":[{"count":0,"href":"https:\/\/chacosintesis.com.ar\/index.php\/wp-json\/wp\/v2\/posts\/26374\/revisions"}],"wp:featuredmedia":[{"embeddable":true,"href":"https:\/\/chacosintesis.com.ar\/index.php\/wp-json\/wp\/v2\/media\/26375"}],"wp:attachment":[{"href":"https:\/\/chacosintesis.com.ar\/index.php\/wp-json\/wp\/v2\/media?parent=26374"}],"wp:term":[{"taxonomy":"category","embeddable":true,"href":"https:\/\/chacosintesis.com.ar\/index.php\/wp-json\/wp\/v2\/categories?post=26374"},{"taxonomy":"post_tag","embeddable":true,"href":"https:\/\/chacosintesis.com.ar\/index.php\/wp-json\/wp\/v2\/tags?post=26374"}],"curies":[{"name":"wp","href":"https:\/\/api.w.org\/{rel}","templated":true}]}}