{"id":26370,"date":"2023-09-05T16:01:48","date_gmt":"2023-09-05T19:01:48","guid":{"rendered":"https:\/\/chacosintesis.com.ar\/?p=26370"},"modified":"2023-09-05T16:08:15","modified_gmt":"2023-09-05T19:08:15","slug":"el-cecual-presenta-la-tierra-la-pachamama-los-suelos-agricolas-metodos-naturales-de-produccion","status":"publish","type":"post","link":"https:\/\/chacosintesis.com.ar\/index.php\/el-cecual-presenta-la-tierra-la-pachamama-los-suelos-agricolas-metodos-naturales-de-produccion\/","title":{"rendered":"El Cecual presenta: La tierra. La Pachamama. Los suelos agr\u00edcolas. M\u00e9todos naturales de producci\u00f3n"},"content":{"rendered":"<div class=\"postie-post\">La presentaci\u00f3n estar\u00e1 a cargo del Director del Cecual y gestor cultural, Francisco \u201cCorcho\u201d Ben\u00edtez, la Ingeniera Agr\u00f3noma Ang\u00e9lica Kees, Anal\u00eda Delssin y el artista Luciano Acosta.<br \/>\nEn el Escenario Naranja de la Feria Iberoamericana del Libro Chaco 2023, se presentar\u00e1  ma\u00f1ana (mi\u00e9rcoles) a las 19 el libro \u201cLa tierra. La Pachamama. Los suelos agr\u00edcolas\u201d, escrito por el referente agroecol\u00f3gico W. Luis Bartra y editado por el Centro Cultural Alternativo del Instituto de Cultura del Chaco junto a Editorial Contexto. Todas las propuestas de la FILC son libres y gratuitas.<br \/>\nLa presentaci\u00f3n estar\u00e1 a cargo del Director del Cecual y gestor cultural, Francisco \u201cCorcho\u201d Ben\u00edtez, la Ingeniera Agr\u00f3noma Ang\u00e9lica Kees, Anal\u00eda Delssin y el artista Luciano Acosta.<br \/>\nDesde un largo caminar por Am\u00e9rica Latina y especialmente por el Chaco, Bartra \u201chabla de amigarse con la naturaleza y armonizar con sus ense\u00f1anzas. Presenta a la Pachamama desde los dibujos de su hijo Carlos, para exponer ante los ojos, lo que sabemos en el coraz\u00f3n: que la Pachamama es hermosa, compleja, que nos relata secretos incesantemente y espera que la escuchemos y volvamos a sentirnos parte\u201d se\u00f1ala Ang\u00e9lica Kees, autora del pr\u00f3logo.<br \/>\nEl libro es una concreci\u00f3n de un proyecto colectivo del Cecual y la Fundaci\u00f3n Ramon Carrillo, con quienes se viene trabajando de manera conjunta en diversas actividades sobre agroecolog\u00eda.<br \/>\nEl Cecual en el \u00e1rea \u201cPleno Ambiente\u201d lleva adelante diversas actividades, como la Feria Cultiva de Huertas y Cultura Sustentable, que brot\u00f3 hace ocho a\u00f1os en la casa del ambay y cada s\u00e1bado re\u00fane productores de diez localidades sumando este a\u00f1o al Mercado Campesino de Las Palmas, la Escuela Abierta de Agroecolog\u00eda, participo del Congreso Argentino de Agroecolog\u00eda. Pleno Ambiente se completa con programas radiales de arbolado urbano, talleres de siembra y alimentaci\u00f3n saludable, juegos sustentables.<br \/>\nDe esta manera, Cecual suma otro t\u00edtulo a la l\u00ednea editorial que viene desarrollando con editorial ConTexto. Entre sus t\u00edtulos se cuentan: G\u00e1rgaras de Sal, escritos en pandemia (autores varios). Cuentos Tropicantes, Un espacio para tus cuentos \u2013 Relatos astron\u00f3micos, Remover mi tierra y plantar idea -p\u00f3stumo de David Dubra desde la U7-, 200 a\u00f1os, ensayo de Guido Moussa y tres libros de cr\u00f3nicas: Como Seelstrang, Bit\u00e1cora y el libro doble Polvo de Dar\u00edo Ruido y Sobre encierros y libertades de Adriana Amarilla.<\/p>\n<p>W. Luis Bartra<br \/>\nNaci\u00f3 en la ciudad de Tarapoto (San Martin, Per\u00fa). Es Ingeniero Agr\u00f3nomo (UNNE). Luego de ejercer la docencia en la misma facultad, como jefe de trabajos pr\u00e1cticos en las c\u00e1tedras de Qu\u00edmica Org\u00e1nica y Cultivos Tropicales, emigr\u00f3 a su pa\u00eds de origen donde ejerci\u00f3 su profesi\u00f3n. A su regreso a la Argentina fue contratado por la ONG ruralista INDES (Instituto de Desarrollo Social y Promoci\u00f3n Humana), para trabajar con el acompa\u00f1amiento y asistencia t\u00e9cnica a las comunidades originarias qom y moqoit del Chaco y comunidades de peque\u00f1os productores, donde realiz\u00f3 una extensa labor de Desarrollo Rural adecuadas para los integrantes de las comunidades mencionadas, de cuya labor surgi\u00f3 la idea de escribir el presente Manual.<\/p><\/div>\n","protected":false},"excerpt":{"rendered":"<p>La presentaci\u00f3n estar\u00e1 a cargo del Director del Cecual y gestor cultural, Francisco \u201cCorcho\u201d Ben\u00edtez, la Ingeniera Agr\u00f3noma Ang\u00e9lica Kees, Anal\u00eda Delssin y el artista Luciano Acosta. En el Escenario Naranja de la Feria Iberoamericana del Libro Chaco 2023, se presentar\u00e1 ma\u00f1ana (mi\u00e9rcoles) a las 19 el libro \u201cLa tierra. La Pachamama. Los suelos agr\u00edcolas\u201d, [&hellip;]<\/p>\n","protected":false},"author":1,"featured_media":26371,"comment_status":"closed","ping_status":"closed","sticky":false,"template":"","format":"standard","meta":{"footnotes":""},"categories":[6],"tags":[],"class_list":{"0":"post-26370","1":"post","2":"type-post","3":"status-publish","4":"format-standard","5":"has-post-thumbnail","7":"category-chaco"},"_links":{"self":[{"href":"https:\/\/chacosintesis.com.ar\/index.php\/wp-json\/wp\/v2\/posts\/26370","targetHints":{"allow":["GET"]}}],"collection":[{"href":"https:\/\/chacosintesis.com.ar\/index.php\/wp-json\/wp\/v2\/posts"}],"about":[{"href":"https:\/\/chacosintesis.com.ar\/index.php\/wp-json\/wp\/v2\/types\/post"}],"author":[{"embeddable":true,"href":"https:\/\/chacosintesis.com.ar\/index.php\/wp-json\/wp\/v2\/users\/1"}],"replies":[{"embeddable":true,"href":"https:\/\/chacosintesis.com.ar\/index.php\/wp-json\/wp\/v2\/comments?post=26370"}],"version-history":[{"count":0,"href":"https:\/\/chacosintesis.com.ar\/index.php\/wp-json\/wp\/v2\/posts\/26370\/revisions"}],"wp:featuredmedia":[{"embeddable":true,"href":"https:\/\/chacosintesis.com.ar\/index.php\/wp-json\/wp\/v2\/media\/26371"}],"wp:attachment":[{"href":"https:\/\/chacosintesis.com.ar\/index.php\/wp-json\/wp\/v2\/media?parent=26370"}],"wp:term":[{"taxonomy":"category","embeddable":true,"href":"https:\/\/chacosintesis.com.ar\/index.php\/wp-json\/wp\/v2\/categories?post=26370"},{"taxonomy":"post_tag","embeddable":true,"href":"https:\/\/chacosintesis.com.ar\/index.php\/wp-json\/wp\/v2\/tags?post=26370"}],"curies":[{"name":"wp","href":"https:\/\/api.w.org\/{rel}","templated":true}]}}