{"id":26364,"date":"2023-09-05T15:55:16","date_gmt":"2023-09-05T18:55:16","guid":{"rendered":"https:\/\/chacosintesis.com.ar\/?p=26364"},"modified":"2023-09-05T16:07:56","modified_gmt":"2023-09-05T19:07:56","slug":"el-complejo-deportivo-de-la-escondida-sumara-nuevas-obras-de-infraestructura","status":"publish","type":"post","link":"https:\/\/chacosintesis.com.ar\/index.php\/el-complejo-deportivo-de-la-escondida-sumara-nuevas-obras-de-infraestructura\/","title":{"rendered":"El Complejo Deportivo de La Escondida sumar\u00e1 nuevas obras de infraestructura"},"content":{"rendered":"<div class=\"postie-post\">La instituci\u00f3n provincial contin\u00faa profundizando su pol\u00edtica de inversi\u00f3n en infraestructura deportiva en diferentes localidades.<br \/>\nUn convenio firmado entre el presidente de Loter\u00eda Chaque\u00f1a Gabriel Lemos con el intendente de La Escondida, Francisco Winnik, permitir\u00e1 mejorar la infraestructura general del Complejo Deportivo Municipal de la localidad.<br \/>\nEste nuevo convenio establece el cerramiento perimetral del Complejo, as\u00ed como la construcci\u00f3n de un portal de acceso y el entubado de los canales de desag\u00fce. A eso se sumar\u00e1 una nueva cancha de p\u00e1del.<br \/>\n\u201cSon obras que implican seguir apostando al factor multiplicador del deporte\u201d, recalc\u00f3 el presidente de Loter\u00eda Chaque\u00f1a, quien ponder\u00f3 las m\u00e1s de 200 obras deportivas que ya se impulsaron a lo largo y ancho de la provincia.<br \/>\nEste nuevo acuerdo se da en contexto a un compromiso oportunamente asumido por el gobernador Jorge Capitanich con la comunidad de La Escondida. \u201cEstamos felices de seguir sumando opciones para que nuestros ni\u00f1os y j\u00f3venes puedan crecer y desarrollarse en \u00e1mbitos sanos\u201d, dijo Winnik.<br \/>\nLemos, por su parte, record\u00f3 que desde el Gobierno del Chaco \u201casumimos el compromiso de mejorar la calidad de vida de los chaque\u00f1os y chaque\u00f1as. Y lo estamos cumpliendo gracias al aporte y el esfuerzo de todos\u201d.<\/div>\n","protected":false},"excerpt":{"rendered":"<p>La instituci\u00f3n provincial contin\u00faa profundizando su pol\u00edtica de inversi\u00f3n en infraestructura deportiva en diferentes localidades. Un convenio firmado entre el presidente de Loter\u00eda Chaque\u00f1a Gabriel Lemos con el intendente de La Escondida, Francisco Winnik, permitir\u00e1 mejorar la infraestructura general del Complejo Deportivo Municipal de la localidad. Este nuevo convenio establece el cerramiento perimetral del Complejo, [&hellip;]<\/p>\n","protected":false},"author":1,"featured_media":26365,"comment_status":"closed","ping_status":"closed","sticky":false,"template":"","format":"standard","meta":{"footnotes":""},"categories":[6],"tags":[],"class_list":{"0":"post-26364","1":"post","2":"type-post","3":"status-publish","4":"format-standard","5":"has-post-thumbnail","7":"category-chaco"},"_links":{"self":[{"href":"https:\/\/chacosintesis.com.ar\/index.php\/wp-json\/wp\/v2\/posts\/26364","targetHints":{"allow":["GET"]}}],"collection":[{"href":"https:\/\/chacosintesis.com.ar\/index.php\/wp-json\/wp\/v2\/posts"}],"about":[{"href":"https:\/\/chacosintesis.com.ar\/index.php\/wp-json\/wp\/v2\/types\/post"}],"author":[{"embeddable":true,"href":"https:\/\/chacosintesis.com.ar\/index.php\/wp-json\/wp\/v2\/users\/1"}],"replies":[{"embeddable":true,"href":"https:\/\/chacosintesis.com.ar\/index.php\/wp-json\/wp\/v2\/comments?post=26364"}],"version-history":[{"count":0,"href":"https:\/\/chacosintesis.com.ar\/index.php\/wp-json\/wp\/v2\/posts\/26364\/revisions"}],"wp:featuredmedia":[{"embeddable":true,"href":"https:\/\/chacosintesis.com.ar\/index.php\/wp-json\/wp\/v2\/media\/26365"}],"wp:attachment":[{"href":"https:\/\/chacosintesis.com.ar\/index.php\/wp-json\/wp\/v2\/media?parent=26364"}],"wp:term":[{"taxonomy":"category","embeddable":true,"href":"https:\/\/chacosintesis.com.ar\/index.php\/wp-json\/wp\/v2\/categories?post=26364"},{"taxonomy":"post_tag","embeddable":true,"href":"https:\/\/chacosintesis.com.ar\/index.php\/wp-json\/wp\/v2\/tags?post=26364"}],"curies":[{"name":"wp","href":"https:\/\/api.w.org\/{rel}","templated":true}]}}