{"id":26362,"date":"2023-09-05T15:52:45","date_gmt":"2023-09-05T18:52:45","guid":{"rendered":"https:\/\/chacosintesis.com.ar\/?p=26362"},"modified":"2023-09-05T16:07:49","modified_gmt":"2023-09-05T19:07:49","slug":"el-poder-judicial-escucho-a-detenidos-del-penitenciario-de-saenz-pena","status":"publish","type":"post","link":"https:\/\/chacosintesis.com.ar\/index.php\/el-poder-judicial-escucho-a-detenidos-del-penitenciario-de-saenz-pena\/","title":{"rendered":"El Poder Judicial escuch\u00f3 a detenidos del Penitenciario de S\u00e1enz Pe\u00f1a"},"content":{"rendered":"<div class=\"postie-post\">La presidenta del Superior Tribunal de Justicia, Iride Isabel Mar\u00eda Grillo, el procurador general adjunto Miguel Fonteina y la defensora general adjunta Gisela Gauna Wirz visitaron el Complejo Penitenciario II de S\u00e1enz Pe\u00f1a en el marco de un proceso de humanizaci\u00f3n de la vida en contexto de encierro.<br \/>\nAll\u00ed participaron de un conversatorio con integrantes del consejo de internos y escucharon las estrategias que desarrollan las personas privadas de su libertad para mejorar la convivencia. Adem\u00e1s, estuvieron presentes el segundo jefe del Complejo, Bernardo Javier L\u00f3pez, y el jefe de \u00e1rea de actividades internas, Daniel Alberto Hofsetz.<br \/>\nLos internos manifestaron su benepl\u00e1cito por las sentencias del STJ en resguardo de sus derechos y por conceder el h\u00e1beas corpus interpuesto por los defensores oficial a partir del cual cambiaron al jefe y mejor\u00f3 la convivencia. Se\u00f1alaron que ahora apuestan por el camino del di\u00e1logo como modo de resolver los conflictos.<br \/>\nPor \u00faltimo, las autoridades presentes escucharon y evacuaron las dudas planteadas.<\/div>\n","protected":false},"excerpt":{"rendered":"<p>La presidenta del Superior Tribunal de Justicia, Iride Isabel Mar\u00eda Grillo, el procurador general adjunto Miguel Fonteina y la defensora general adjunta Gisela Gauna Wirz visitaron el Complejo Penitenciario II de S\u00e1enz Pe\u00f1a en el marco de un proceso de humanizaci\u00f3n de la vida en contexto de encierro. All\u00ed participaron de un conversatorio con integrantes [&hellip;]<\/p>\n","protected":false},"author":1,"featured_media":26363,"comment_status":"closed","ping_status":"closed","sticky":false,"template":"","format":"standard","meta":{"footnotes":""},"categories":[6],"tags":[],"class_list":{"0":"post-26362","1":"post","2":"type-post","3":"status-publish","4":"format-standard","5":"has-post-thumbnail","7":"category-chaco"},"_links":{"self":[{"href":"https:\/\/chacosintesis.com.ar\/index.php\/wp-json\/wp\/v2\/posts\/26362","targetHints":{"allow":["GET"]}}],"collection":[{"href":"https:\/\/chacosintesis.com.ar\/index.php\/wp-json\/wp\/v2\/posts"}],"about":[{"href":"https:\/\/chacosintesis.com.ar\/index.php\/wp-json\/wp\/v2\/types\/post"}],"author":[{"embeddable":true,"href":"https:\/\/chacosintesis.com.ar\/index.php\/wp-json\/wp\/v2\/users\/1"}],"replies":[{"embeddable":true,"href":"https:\/\/chacosintesis.com.ar\/index.php\/wp-json\/wp\/v2\/comments?post=26362"}],"version-history":[{"count":0,"href":"https:\/\/chacosintesis.com.ar\/index.php\/wp-json\/wp\/v2\/posts\/26362\/revisions"}],"wp:featuredmedia":[{"embeddable":true,"href":"https:\/\/chacosintesis.com.ar\/index.php\/wp-json\/wp\/v2\/media\/26363"}],"wp:attachment":[{"href":"https:\/\/chacosintesis.com.ar\/index.php\/wp-json\/wp\/v2\/media?parent=26362"}],"wp:term":[{"taxonomy":"category","embeddable":true,"href":"https:\/\/chacosintesis.com.ar\/index.php\/wp-json\/wp\/v2\/categories?post=26362"},{"taxonomy":"post_tag","embeddable":true,"href":"https:\/\/chacosintesis.com.ar\/index.php\/wp-json\/wp\/v2\/tags?post=26362"}],"curies":[{"name":"wp","href":"https:\/\/api.w.org\/{rel}","templated":true}]}}