{"id":26360,"date":"2023-09-05T15:51:25","date_gmt":"2023-09-05T18:51:25","guid":{"rendered":"https:\/\/chacosintesis.com.ar\/?p=26360"},"modified":"2023-09-05T16:07:44","modified_gmt":"2023-09-05T19:07:44","slug":"chaco-impulsa-su-industria-foresto-industrial","status":"publish","type":"post","link":"https:\/\/chacosintesis.com.ar\/index.php\/chaco-impulsa-su-industria-foresto-industrial\/","title":{"rendered":"Chaco impulsa su industria foresto-industrial"},"content":{"rendered":"<div class=\"postie-post\">Luciano Olivares, subsecretario de Desarrollo Industrial, habl\u00f3 sobre el proyecto que busca la creaci\u00f3n de jardines clonales con fines industriales y ambientales. \u201cCreemos que plantaciones con este objetivo multiprop\u00f3sito pueden tener mucho \u00e9xito\u201d, expres\u00f3.<br \/>\nLuciano Olivares, subsecretario de Desarrollo Industrial, dialog\u00f3 con Chaco TV sobre el avance de un proyecto que busca impulsar la industria foresto-industrial en la provincia del Chaco. \u201cNuestra provincia tiene alrededor de un mill\u00f3n y medio de hect\u00e1reas que son aptas para cultivo que por ah\u00ed estas otras provincias no lo tienen\u201d, expres\u00f3, al mismo tiempo que agreg\u00f3: \u201cCreemos que plantaciones con este objetivo multiprop\u00f3sito pueden tener mucho \u00e9xito\u201d.<br \/>\nEn este sentido, explic\u00f3 que el proyecto naci\u00f3 en 2015, pero que se ven\u00eda planificando desde el 2011 con el estudio de dos ingenieros. \u201cNotamos que plantaciones forestales con distintos cultivos forestales podr\u00edan llegar a colaborar y contribuir a la producci\u00f3n foresto-industrial de nuestra provincia portando madera de calidad, de r\u00e1pido crecimiento y que puede hacer cultivos multiprop\u00f3sitos\u201d, expres\u00f3 Olivares, al mismo tiempo que a\u00f1adi\u00f3: \u201cPueden servir para la industria del tanino, para la industria del carb\u00f3n, la industria del aserrado y la carpinter\u00eda, o materiales espec\u00edficos para la energ\u00eda\u201d.<br \/>\nEl principal jard\u00edn clonal se encuentra en la localidad de Makall\u00e9, inaugurado recientemente, donde se cuenta con un invern\u00e1culo para realizar este tipo de plantaciones con fines industriales. \u201cEn ese momento vimos que el eucalipto ten\u00eda distintas variedades que combinadas en h\u00edbridos podr\u00edan llegar a dar resultados en el ambiente de la provincia\u201d. Cabe destacar que tambi\u00e9n se cuenta con otros jardines clonales en la provincia, como por ejemplo en Puerto Tirol.<br \/>\nSobre la propuesta, explic\u00f3: \u201cDecidimos presentar este proyecto de jard\u00edn clonal que b\u00e1sicamente es un invern\u00e1culo que tiene control de humedad, sistema autom\u00e1tico de riego por goteo y control de temperatura\u201d. Adem\u00e1s, coment\u00f3 que all\u00ed se encuentran las \u201cplantas madre\u201d, las cuales cada 15 o 30 d\u00edas se pueden cosechar los esquejes de cada planta para luego multiplicarlas.<br \/>\nPor otra parte, coment\u00f3 que \u201ccualquier persona puede acceder a estas especies\u201d. \u201cNosotros tenemos la pol\u00edtica de que cualquier proyecto productivo o vinculado con el arbolado urbano o que tenga que ver con alg\u00fan beneficio ambiental, estamos abiertos a proporcionarles los plantines\u201d, expres\u00f3 Olivares, aunque aclar\u00f3 que tienen que ser proyectos estudiados y analizados con tiempo para que se pueda planificar la siembra y la producci\u00f3n de plantines.<br \/>\nPor \u00faltimo, habl\u00f3 de la importancia de la gestaci\u00f3n de este tipo de industria en la provincia. \u201cCreo que hoy ya es una realidad\u201d, expres\u00f3. No obstante, agreg\u00f3: \u201cEs un modelo insipiente por la cantidad de hect\u00e1reas implantadas que hay en la provincia en relaci\u00f3n a Corrientes, Misiones o Entre R\u00edos que tienen ya una historia con respecto a esto\u201d. Aun as\u00ed, manifest\u00f3 que est\u00e1n \u201csentando las bases para poder demostrar cuales son las variedades de este tipo de cultivos que se puede desarrollar en el Chaco\u201d.<\/div>\n","protected":false},"excerpt":{"rendered":"<p>Luciano Olivares, subsecretario de Desarrollo Industrial, habl\u00f3 sobre el proyecto que busca la creaci\u00f3n de jardines clonales con fines industriales y ambientales. \u201cCreemos que plantaciones con este objetivo multiprop\u00f3sito pueden tener mucho \u00e9xito\u201d, expres\u00f3. Luciano Olivares, subsecretario de Desarrollo Industrial, dialog\u00f3 con Chaco TV sobre el avance de un proyecto que busca impulsar la industria [&hellip;]<\/p>\n","protected":false},"author":1,"featured_media":26361,"comment_status":"closed","ping_status":"closed","sticky":false,"template":"","format":"standard","meta":{"footnotes":""},"categories":[6],"tags":[],"class_list":{"0":"post-26360","1":"post","2":"type-post","3":"status-publish","4":"format-standard","5":"has-post-thumbnail","7":"category-chaco"},"_links":{"self":[{"href":"https:\/\/chacosintesis.com.ar\/index.php\/wp-json\/wp\/v2\/posts\/26360","targetHints":{"allow":["GET"]}}],"collection":[{"href":"https:\/\/chacosintesis.com.ar\/index.php\/wp-json\/wp\/v2\/posts"}],"about":[{"href":"https:\/\/chacosintesis.com.ar\/index.php\/wp-json\/wp\/v2\/types\/post"}],"author":[{"embeddable":true,"href":"https:\/\/chacosintesis.com.ar\/index.php\/wp-json\/wp\/v2\/users\/1"}],"replies":[{"embeddable":true,"href":"https:\/\/chacosintesis.com.ar\/index.php\/wp-json\/wp\/v2\/comments?post=26360"}],"version-history":[{"count":0,"href":"https:\/\/chacosintesis.com.ar\/index.php\/wp-json\/wp\/v2\/posts\/26360\/revisions"}],"wp:featuredmedia":[{"embeddable":true,"href":"https:\/\/chacosintesis.com.ar\/index.php\/wp-json\/wp\/v2\/media\/26361"}],"wp:attachment":[{"href":"https:\/\/chacosintesis.com.ar\/index.php\/wp-json\/wp\/v2\/media?parent=26360"}],"wp:term":[{"taxonomy":"category","embeddable":true,"href":"https:\/\/chacosintesis.com.ar\/index.php\/wp-json\/wp\/v2\/categories?post=26360"},{"taxonomy":"post_tag","embeddable":true,"href":"https:\/\/chacosintesis.com.ar\/index.php\/wp-json\/wp\/v2\/tags?post=26360"}],"curies":[{"name":"wp","href":"https:\/\/api.w.org\/{rel}","templated":true}]}}