{"id":26358,"date":"2023-09-05T15:50:05","date_gmt":"2023-09-05T18:50:05","guid":{"rendered":"https:\/\/chacosintesis.com.ar\/?p=26358"},"modified":"2023-09-05T16:07:36","modified_gmt":"2023-09-05T19:07:36","slug":"el-gobierno-provincial-reconocio-a-agentes-sanitarias-de-pueblos-originarios-con-kits-para-fortalecer-la-atencion-primaria","status":"publish","type":"post","link":"https:\/\/chacosintesis.com.ar\/index.php\/el-gobierno-provincial-reconocio-a-agentes-sanitarias-de-pueblos-originarios-con-kits-para-fortalecer-la-atencion-primaria\/","title":{"rendered":"El gobierno provincial reconoci\u00f3 a agentes sanitarias de pueblos originarios con kits para fortalecer la atenci\u00f3n primaria"},"content":{"rendered":"<div class=\"postie-post\">Se trata de mochilas con herramientas fundamentales para las visitas casa por casa. Estos efectores de salud \u201cson el brazo sensible presente en los 750 parajes rurales chaque\u00f1o\u201d, dijo Capitanich.<br \/>\nEn el marco del D\u00eda de la Mujer Ind\u00edgena, el gobernador Jorge Capitanich, acompa\u00f1ado por la ministra de Salud P\u00fablica, Carolina Centeno, hizo entrega de kits sanitarios a las y los agentes del programa nacional de Salud de los Pueblos Ind\u00edgenas. \u201c\u201cEl agente sanitario es un l\u00edder de su comunidad porque es la llave para abrir esa puerta de conexi\u00f3n entre los problemas de la comunidad y las soluciones o la contenci\u00f3n que pueda brindar el sistema de salud\u201d, remarc\u00f3 la responsable de la cartera sanitaria.<br \/>\nPor su parte, el primer mandatario chaque\u00f1o dijo: \u201cNos comprometemos a generar las condiciones que nos permitan apuntalar, fortalecer y mejorar la capacidad institucional de nuestros agentes sanitarios, no solamente porque son el brazo sensible en el proceso de atenci\u00f3n sanitaria, sino porque interpretan la lengua, las costumbres y modo de vida de cada familia ind\u00edgena de nuestro Chaco\u201d. En este sentido, Capitanich record\u00f3 que en el territorio provincial hay 750 parajes rurales, \u201cpor lo que las y los agentes son ese brazo que nos acerca la realidad de cada familia\u201d.<br \/>\nCenteno explic\u00f3 que en la actual gesti\u00f3n buscan rabajar para un sistema de salud que debe modificar sus pr\u00e1cticas  para disminuir la discriminaci\u00f3n, la estigmatizaci\u00f3n, la violencia hacia las comunidades\u201d. Y a\u00f1adi\u00f3: \u201cHoy tenemos que avanzar no solamente a conocer nuestra comunidad, sino a poder ubicarla en un mapa y que ese mapa pueda ser compartido con todas las personas, inclusive con quienes tomamos muchas veces las decisiones, tanto t\u00e9cnicas como pol\u00edticas, dentro del Ministerio de Salud P\u00fablica\u201d.<br \/>\nLos kits que recibieron las y los agentes sanitarios del programa nacional de Salud de los Pueblos Ind\u00edgenas incluyen una mochila que contienen los elementos b\u00e1sicos como una balanza, un estetoscopio, un term\u00f3metro y un anotador para poder trabajar en el territorio, adem\u00e1s de cobertura para lluvias y barro. Los directores de la Regiones Sanitarias del Chaco recibir\u00e1n tabletas, que permitir\u00e1n comenzar a realizar el trabajo de registro sanitario de manera digital.<br \/>\nD\u00eda de la mujer ind\u00edgena<br \/>\nLa ministra de Salud P\u00fablica del Chaco dijo que \u201ccuando hablamos del D\u00eda de la Mujer Ind\u00edgena y el reconocimiento de lo que significa el trabajo de las mujeres, particularmente ponemos en valor la transmisi\u00f3n de la cultura, el poder o\u00edr las voces frente a las desigualdades, la lucha contra las desigualdades hist\u00f3ricas y las inequidades porque queremos transformar la calidad de vida de las personas, erradicar la pobreza, erradicar y sancionar la violencia que existe contra las mujeres\u201d.<br \/>\nEn 1983, durante el Segundo Encuentro de Organizaciones y Movimientos de Am\u00e9rica en Tiahuanaco, Bolivia, se defini\u00f3 el 5 de septiembre como el D\u00eda Internacional de la Mujer Ind\u00edgena, reivindicando a la figura de Bartolina Sisa la lucha de las mujeres ind\u00edgenas contra todo tipo de opresi\u00f3n. De procedencia aymara, junto con su pareja Tupac Katari (Juli\u00e1n Apaza), lideraron la organizaci\u00f3n de su pueblo para luchar contra el yugo espa\u00f1ol.<br \/>\nEn 1781, Bartolina fue capturada y sometida a los tratos m\u00e1s terribles y su pareja fue brutalmente asesinada. Casi un a\u00f1o despu\u00e9s, el 5 de septiembre de 1782, fue ejecutada por los conquistadores, que ve\u00edan en ella y en su pueblo un l\u00edmite a sus ansias de conquista. Esta fecha nos convoca a recordar a Bartolina y a rendir homenaje a las mujeres de todos los pueblos originarios de Am\u00e9rica Latina que pelearon y siguen peleando por el reconocimiento y la garant\u00eda de sus derechos.<\/div>\n","protected":false},"excerpt":{"rendered":"<p>Se trata de mochilas con herramientas fundamentales para las visitas casa por casa. Estos efectores de salud \u201cson el brazo sensible presente en los 750 parajes rurales chaque\u00f1o\u201d, dijo Capitanich. En el marco del D\u00eda de la Mujer Ind\u00edgena, el gobernador Jorge Capitanich, acompa\u00f1ado por la ministra de Salud P\u00fablica, Carolina Centeno, hizo entrega de [&hellip;]<\/p>\n","protected":false},"author":1,"featured_media":26359,"comment_status":"closed","ping_status":"closed","sticky":false,"template":"","format":"standard","meta":{"footnotes":""},"categories":[6],"tags":[],"class_list":{"0":"post-26358","1":"post","2":"type-post","3":"status-publish","4":"format-standard","5":"has-post-thumbnail","7":"category-chaco"},"_links":{"self":[{"href":"https:\/\/chacosintesis.com.ar\/index.php\/wp-json\/wp\/v2\/posts\/26358","targetHints":{"allow":["GET"]}}],"collection":[{"href":"https:\/\/chacosintesis.com.ar\/index.php\/wp-json\/wp\/v2\/posts"}],"about":[{"href":"https:\/\/chacosintesis.com.ar\/index.php\/wp-json\/wp\/v2\/types\/post"}],"author":[{"embeddable":true,"href":"https:\/\/chacosintesis.com.ar\/index.php\/wp-json\/wp\/v2\/users\/1"}],"replies":[{"embeddable":true,"href":"https:\/\/chacosintesis.com.ar\/index.php\/wp-json\/wp\/v2\/comments?post=26358"}],"version-history":[{"count":0,"href":"https:\/\/chacosintesis.com.ar\/index.php\/wp-json\/wp\/v2\/posts\/26358\/revisions"}],"wp:featuredmedia":[{"embeddable":true,"href":"https:\/\/chacosintesis.com.ar\/index.php\/wp-json\/wp\/v2\/media\/26359"}],"wp:attachment":[{"href":"https:\/\/chacosintesis.com.ar\/index.php\/wp-json\/wp\/v2\/media?parent=26358"}],"wp:term":[{"taxonomy":"category","embeddable":true,"href":"https:\/\/chacosintesis.com.ar\/index.php\/wp-json\/wp\/v2\/categories?post=26358"},{"taxonomy":"post_tag","embeddable":true,"href":"https:\/\/chacosintesis.com.ar\/index.php\/wp-json\/wp\/v2\/tags?post=26358"}],"curies":[{"name":"wp","href":"https:\/\/api.w.org\/{rel}","templated":true}]}}