{"id":26356,"date":"2023-09-05T15:47:52","date_gmt":"2023-09-05T18:47:52","guid":{"rendered":"https:\/\/chacosintesis.com.ar\/?p=26356"},"modified":"2023-09-05T16:07:28","modified_gmt":"2023-09-05T19:07:28","slug":"el-gobierno-presento-el-plan-de-loteo-y-viviendas-2","status":"publish","type":"post","link":"https:\/\/chacosintesis.com.ar\/index.php\/el-gobierno-presento-el-plan-de-loteo-y-viviendas-2\/","title":{"rendered":"El Gobierno present\u00f3 el Plan de Loteo y Viviendas"},"content":{"rendered":"<div class=\"postie-post\">El Barrio La Futura abarcar\u00e1 33 hect\u00e1reas y albergar\u00e1 a 2.000 familias.<br \/>\nEsta ma\u00f1ana, el gobernador Jorge Milton Capitanich, junto a la vicegobernadora Anal\u00eda Rach Quiroga; el ministro de Planificaci\u00f3n, Econom\u00eda e Infraestructura, Santiago P\u00e9rez Pons; la ministra de Ambiente y Desarrollo Territorial Sostenible, Marta Soneira; el presidente del Instituto de Desarrollo Urbano y Vivienda, Diego Ar\u00e9valo y el presidente de Fiduciaria del Norte S.A, Fernando Ventureira, presentaron el Plan de Loteo y Viviendas.<br \/>\nEn esta ocasi\u00f3n, el gobernador manifest\u00f3 que \u201ces imprescindible poner en valor la disponibilidad de los bienes con los que el Estado cuenta y los instrumentos y las herramientas para el acceso, por ejemplo de una vivienda digna para distintos trabajadores y trabajadoras de los distintos estamentos como tambi\u00e9n un trabajador que pertenece a alg\u00fan sindicato, un trabajador privado\u201d. \u201cTambi\u00e9n, el caso concreto de las personas que no tienen un ingreso fijo y que dependen de un emprendimiento o comerciantes peque\u00f1os y medianos\u201d, agreg\u00f3.<br \/>\nSe trata de un plan de urbanizaci\u00f3n con financiamiento p\u00fablico, en el marco del Proyecto Nuevo Sur. En este sentido, \u201cel Barrio La Futura abarcar\u00e1 33 hect\u00e1reas y albergar\u00e1 a 2.000 familias\u201d, destac\u00f3 Capitanich. Ubicada a la vera de la Ruta Nacional N\u00b0 11 y pr\u00f3ximo al acceso proyectado del segundo puente Chaco-Corrientes, \u201ccontar\u00e1 con un entorno natural amigable con el medio ambiente y la urbanizaci\u00f3n con todos los servicios y equipamientos\u201d, expres\u00f3.<br \/>\n\u201cCreemos que es absolutamente necesario ir propiciando una mayor intensificaci\u00f3n de la construcci\u00f3n en el \u00c1rea Metropolitana y principalmente en Resistencia\u201d, remarc\u00f3 el gobernador.<br \/>\nAsimismo, Capitanich destac\u00f3: \u201cEs una inversi\u00f3n que implica $2.000.000.000 que es la disponibilidad de la administraci\u00f3n de Fiduciaria del Norte desde el punto de vista de excedentes de car\u00e1cter financiero para incluir terrenos con agua potable, con desag\u00fces cloacales y pluviales, con red vial y bicisendas con electricidad y alumbrado p\u00fablico con arbolado y se\u00f1al\u00e9tica, con espacios verdes con seguridad, con centro de salud y hospitalizaci\u00f3n, y tambi\u00e9n con centros integrados comunitarios.<br \/>\nEste es el primer proyecto pero la idea es aumentar la capacidad de disponibilidad\u201d, manifest\u00f3 Capitanich.<br \/>\nPor su parte, el presidente del Instituto de Desarrollo Urbano y Vivienda, Diego Ar\u00e9valo, destac\u00f3: \u201cHa habido un trabajo durante mucho tiempo; primero para poder acceder y comprar la tierra por parte del Estado y ahora ya entramos en la segunda instancia que tiene que ver con la urbanizaci\u00f3n de esas tierras y la posibilidad de ofrec\u00e9rsela a distintos sectores, tanto el sector privado como el sector p\u00fablico\u201d.<br \/>\n\u201cLa ciudad necesita tener un plan de urbanizaci\u00f3n que sea planificado y ordenado, y en funci\u00f3n de eso tambi\u00e9n se va diagramando el crecimiento de una ciudad\u201d, expres\u00f3 Ar\u00e9valo<br \/>\nAdem\u00e1s, explic\u00f3 que \u201cla obra tarda 18 meses en ejecutarse\u201d. \u201cEstamos hablando de obras que tienen que ver con infraestructura, contenidos de redes de energ\u00eda, de agua, aperturas de calle, desag\u00fces y finalmente la confecci\u00f3n de los lotes\u201d, detall\u00f3.<\/div>\n","protected":false},"excerpt":{"rendered":"<p>El Barrio La Futura abarcar\u00e1 33 hect\u00e1reas y albergar\u00e1 a 2.000 familias. Esta ma\u00f1ana, el gobernador Jorge Milton Capitanich, junto a la vicegobernadora Anal\u00eda Rach Quiroga; el ministro de Planificaci\u00f3n, Econom\u00eda e Infraestructura, Santiago P\u00e9rez Pons; la ministra de Ambiente y Desarrollo Territorial Sostenible, Marta Soneira; el presidente del Instituto de Desarrollo Urbano y Vivienda, [&hellip;]<\/p>\n","protected":false},"author":1,"featured_media":26357,"comment_status":"closed","ping_status":"closed","sticky":false,"template":"","format":"standard","meta":{"footnotes":""},"categories":[6],"tags":[],"class_list":{"0":"post-26356","1":"post","2":"type-post","3":"status-publish","4":"format-standard","5":"has-post-thumbnail","7":"category-chaco"},"_links":{"self":[{"href":"https:\/\/chacosintesis.com.ar\/index.php\/wp-json\/wp\/v2\/posts\/26356","targetHints":{"allow":["GET"]}}],"collection":[{"href":"https:\/\/chacosintesis.com.ar\/index.php\/wp-json\/wp\/v2\/posts"}],"about":[{"href":"https:\/\/chacosintesis.com.ar\/index.php\/wp-json\/wp\/v2\/types\/post"}],"author":[{"embeddable":true,"href":"https:\/\/chacosintesis.com.ar\/index.php\/wp-json\/wp\/v2\/users\/1"}],"replies":[{"embeddable":true,"href":"https:\/\/chacosintesis.com.ar\/index.php\/wp-json\/wp\/v2\/comments?post=26356"}],"version-history":[{"count":0,"href":"https:\/\/chacosintesis.com.ar\/index.php\/wp-json\/wp\/v2\/posts\/26356\/revisions"}],"wp:featuredmedia":[{"embeddable":true,"href":"https:\/\/chacosintesis.com.ar\/index.php\/wp-json\/wp\/v2\/media\/26357"}],"wp:attachment":[{"href":"https:\/\/chacosintesis.com.ar\/index.php\/wp-json\/wp\/v2\/media?parent=26356"}],"wp:term":[{"taxonomy":"category","embeddable":true,"href":"https:\/\/chacosintesis.com.ar\/index.php\/wp-json\/wp\/v2\/categories?post=26356"},{"taxonomy":"post_tag","embeddable":true,"href":"https:\/\/chacosintesis.com.ar\/index.php\/wp-json\/wp\/v2\/tags?post=26356"}],"curies":[{"name":"wp","href":"https:\/\/api.w.org\/{rel}","templated":true}]}}