{"id":26352,"date":"2023-09-05T13:05:21","date_gmt":"2023-09-05T16:05:21","guid":{"rendered":"https:\/\/chacosintesis.com.ar\/?p=26352"},"modified":"2023-09-05T13:07:08","modified_gmt":"2023-09-05T16:07:08","slug":"en-el-dia-de-la-mujer-indigena-el-homenaje-de-una-estudiante-qom-a-su-abuela","status":"publish","type":"post","link":"https:\/\/chacosintesis.com.ar\/index.php\/en-el-dia-de-la-mujer-indigena-el-homenaje-de-una-estudiante-qom-a-su-abuela\/","title":{"rendered":"En el d\u00eda de la Mujer Ind\u00edgena, el homenaje de una estudiante Qom a su abuela"},"content":{"rendered":"<div class=\"postie-post\">Daiana Jara, alumna del Profesorado de Historia y becaria del Programa Pueblos Ind\u00edgenas de la UNNE, recuerda a su abuela Elicia y valora el importante rol de las mujeres en el cuidado y la transmisi\u00f3n de la cultura, y el reconocimiento y la defensa de los derechos de los pueblos ind\u00edgenas.<br \/>\nEn 1983, durante el II Encuentro de Organizaciones y Movimientos de Am\u00e9rica en Tiahuanacu (Bolivia) se defini\u00f3 el 5 de septiembre como el D\u00eda Internacional de la Mujer Ind\u00edgena, reivindicando en la figura de Bartolina Sisa, la lucha de las mujeres ind\u00edgenas contra todo tipo de opresi\u00f3n.<br \/>\nEsta mujer del Pueblo Quechua, asesinada por las fuerzas realistas durante la rebeli\u00f3n anticolonial de T\u00fapaj Katari, en el Alto Per\u00fa; resumi\u00f3 de alg\u00fan modo el valor de las mujeres ind\u00edgenas como grandes defensoras de sus pueblos y garantes de la cultura ancestral.<br \/>\nPor ello, esta efem\u00e9ride tiene como objetivo rendir homenaje a todas las mujeres de los pueblos ind\u00edgenas del mundo y lograr visibilizar su trascendencia hist\u00f3rica.<br \/>\nEn ese marco, Daiana Jara, estudiante Qom de la UNNE y becaria del Programa de Pueblos Ind\u00edgenas (PPI), escribi\u00f3 un mensaje para recordar a su abuela materna, Elicia Mansilla.<br \/>\n\u201cPARA MI ELLA REPRESENTA TODO LO ANTERIOR. REPRESENTA UNA RA\u00cdZ IMPORTANTE PARA MI FAMILIA, ES LA QUE TRANSMITI\u00d3 Y TRANSMITE EN TODAS LAS GENERACIONES NUESTRA CULTURA Y TANTA SABIDUR\u00cdA\u201d<br \/>\n\u201cEsta conmemoraci\u00f3n visibiliza a las mujeres de todos los pueblos originarios de Am\u00e9rica Latina que lucharon y siguen peleando por el reconocimiento y la defensa de sus derechos\u201d, asegura.<br \/>\n\u201cCuando nos referimos a \u201cpelea o lucha\u201d es importante considerar los m\u00e9todos de resistencias conscientes e inconscientes\u201d, aclar\u00f3 como buena alumna del Profesorado de Historia de la Facultad de Humanidades.<br \/>\nDaiana quiere entonces con sus palabras \u201crevalorizar nuestra cultura y el rol important\u00edsimo de las mujeres en  este proceso que vive hace siglos presente en nuestra crianza, en la transmisi\u00f3n de valores, idioma materno, el uso medicinas naturales, reflexiones mediante cuentos, cantos y danzas. La educaci\u00f3n que nos permite insertarnos al sistema y elaborar una educaci\u00f3n biling\u00fce\u201d.<br \/>\nY para ello, bien vale el ejemplo de su abuela Elicia que con sus 78 a\u00f1os sigue siendo \u201cel pilar de mi familia\u201d.<br \/>\n\u201cPara mi ella representa todo lo anterior. Representa una ra\u00edz importante para mi familia, es la que transmiti\u00f3 y transmite en todas las generaciones nuestra cultura y tanta sabidur\u00eda\u201d, asegura y en sus palabras trasluce el amor hacia esa mujer que \u201c\u00a1Ya tiene tataranietos!\u201d, agrega en su mensaje.<br \/>\n\u201c\u00a1Feliz d\u00eda! \u00a1Feliz d\u00eda de lucha a cada una!\u201d, concluye Daiana con un saludo de reivindicaci\u00f3n para todas las mujeres ind\u00edgenas en su d\u00eda.<\/div>\n","protected":false},"excerpt":{"rendered":"<p>Daiana Jara, alumna del Profesorado de Historia y becaria del Programa Pueblos Ind\u00edgenas de la UNNE, recuerda a su abuela Elicia y valora el importante rol de las mujeres en el cuidado y la transmisi\u00f3n de la cultura, y el reconocimiento y la defensa de los derechos de los pueblos ind\u00edgenas. En 1983, durante el [&hellip;]<\/p>\n","protected":false},"author":1,"featured_media":26353,"comment_status":"closed","ping_status":"closed","sticky":false,"template":"","format":"standard","meta":{"footnotes":""},"categories":[6],"tags":[],"class_list":{"0":"post-26352","1":"post","2":"type-post","3":"status-publish","4":"format-standard","5":"has-post-thumbnail","7":"category-chaco"},"_links":{"self":[{"href":"https:\/\/chacosintesis.com.ar\/index.php\/wp-json\/wp\/v2\/posts\/26352","targetHints":{"allow":["GET"]}}],"collection":[{"href":"https:\/\/chacosintesis.com.ar\/index.php\/wp-json\/wp\/v2\/posts"}],"about":[{"href":"https:\/\/chacosintesis.com.ar\/index.php\/wp-json\/wp\/v2\/types\/post"}],"author":[{"embeddable":true,"href":"https:\/\/chacosintesis.com.ar\/index.php\/wp-json\/wp\/v2\/users\/1"}],"replies":[{"embeddable":true,"href":"https:\/\/chacosintesis.com.ar\/index.php\/wp-json\/wp\/v2\/comments?post=26352"}],"version-history":[{"count":0,"href":"https:\/\/chacosintesis.com.ar\/index.php\/wp-json\/wp\/v2\/posts\/26352\/revisions"}],"wp:featuredmedia":[{"embeddable":true,"href":"https:\/\/chacosintesis.com.ar\/index.php\/wp-json\/wp\/v2\/media\/26353"}],"wp:attachment":[{"href":"https:\/\/chacosintesis.com.ar\/index.php\/wp-json\/wp\/v2\/media?parent=26352"}],"wp:term":[{"taxonomy":"category","embeddable":true,"href":"https:\/\/chacosintesis.com.ar\/index.php\/wp-json\/wp\/v2\/categories?post=26352"},{"taxonomy":"post_tag","embeddable":true,"href":"https:\/\/chacosintesis.com.ar\/index.php\/wp-json\/wp\/v2\/tags?post=26352"}],"curies":[{"name":"wp","href":"https:\/\/api.w.org\/{rel}","templated":true}]}}