{"id":26350,"date":"2023-09-05T12:59:43","date_gmt":"2023-09-05T15:59:43","guid":{"rendered":"https:\/\/chacosintesis.com.ar\/?p=26350"},"modified":"2023-09-05T13:07:02","modified_gmt":"2023-09-05T16:07:02","slug":"debates-preelectorales-chaco-este-martes-presentaran-sus-propuestas-los-candidatos-a-la-gobernacion","status":"publish","type":"post","link":"https:\/\/chacosintesis.com.ar\/index.php\/debates-preelectorales-chaco-este-martes-presentaran-sus-propuestas-los-candidatos-a-la-gobernacion\/","title":{"rendered":"Debates preelectorales Chaco: este martes presentar\u00e1n sus propuestas los candidatos a la gobernaci\u00f3n"},"content":{"rendered":"<div class=\"postie-post\">El debate se desarrollar\u00e1 en el Sal\u00f3n Casablanca Gala del Hotel Amerian Casino, en la ciudad de Resistencia, este martes 5 de septiembre. Con transmisi\u00f3n en vivo a trav\u00e9s de Canal 9 a partir de las 20:00 horas.<br \/>\n La moderaci\u00f3n de los debates para candidatos a diputados estar\u00e1 a cargo del periodista Fabio Rodriguez. Desde las 20:00 horas habr\u00e1 transmisi\u00f3n con la \u201cPrevia del Debate\u201d con la conducci\u00f3n de los periodistas Jos\u00e9 Novo y Denis Oziel, mientras que la conducci\u00f3n de \u201cEl Gran Debate\u201d la har\u00e1n Elsa Ayosa y Marco Messina.<br \/>\n En el debate, presentar\u00e1n sus ideas y propuestas para gobernar, los candidatos al cargo en el poder ejecutivo provincial, Jorge Capitanich (Frente Chaque\u00f1o), Leandro Zdero (Juntos por el Cambio) y Gustavo Mart\u00ednez (Corriente de Expresi\u00f3n Renovada).<br \/>\n En el debate de candidatos a gobernador del 05 de septiembre los atriles ser\u00e1n ocupados en el siguiente orden: 1. Zdero, 2. Mart\u00ednez, 3. Capitanich. El orden de incorporaci\u00f3n al set, presentaci\u00f3n inicial a cargo del moderador y presentaci\u00f3n propia de cada candidato ser\u00e1: Capitanich, Mart\u00ednez, Zdero<br \/>\n Los bloques tem\u00e1ticos ser\u00e1n:<br \/>\n Empleo y promoci\u00f3n social.<br \/>\nEducaci\u00f3n y salud.<br \/>\nServicios p\u00fablicos e infraestructura, desarrollo urbano y vivienda.<br \/>\nTem\u00e1tica abierta: tres preguntas de redes, tel\u00e9fonos y otros.<br \/>\n El orden de exposici\u00f3n ser\u00e1:<br \/>\n Bloque 1: Capitanich, Mart\u00ednez y Zdero,<br \/>\nBloque 2: Mart\u00ednez, Zdero y Capitanich.<br \/>\nBloque 3: Zdero, Capitanich y Mart\u00ednez.<br \/>\nBloque 4: Capitanich, Mart\u00ednez y Zdero<br \/>\nCierre: Mart\u00ednez, Zdero y Capitanich.<\/p>\n<p>La participaci\u00f3n del p\u00fablico<br \/>\n Tal y como lo establece el reglamento de los Debates preelectorales en Chaco, la ciudadan\u00eda puede participar dejando sus consultas para ser transmitidas a los candidatos a gobernador y diputados. Se habilitar\u00e1 un bloque tem\u00e1tico donde los debatientes deber\u00e1n responder a las consultas.<br \/>\n Para participar, deber\u00e1n ingresar a instagram en la cuenta @debatepreelectoralchaco y dejar sus consultas. Las preguntas para los candidatos a gobernador se habilitar\u00e1n a partir de las 20:00 horas el d\u00eda martes 05 de septiembre.<\/p><\/div>\n","protected":false},"excerpt":{"rendered":"<p>El debate se desarrollar\u00e1 en el Sal\u00f3n Casablanca Gala del Hotel Amerian Casino, en la ciudad de Resistencia, este martes 5 de septiembre. Con transmisi\u00f3n en vivo a trav\u00e9s de Canal 9 a partir de las 20:00 horas. La moderaci\u00f3n de los debates para candidatos a diputados estar\u00e1 a cargo del periodista Fabio Rodriguez. Desde [&hellip;]<\/p>\n","protected":false},"author":1,"featured_media":26351,"comment_status":"closed","ping_status":"closed","sticky":false,"template":"","format":"standard","meta":{"footnotes":""},"categories":[6],"tags":[],"class_list":{"0":"post-26350","1":"post","2":"type-post","3":"status-publish","4":"format-standard","5":"has-post-thumbnail","7":"category-chaco"},"_links":{"self":[{"href":"https:\/\/chacosintesis.com.ar\/index.php\/wp-json\/wp\/v2\/posts\/26350","targetHints":{"allow":["GET"]}}],"collection":[{"href":"https:\/\/chacosintesis.com.ar\/index.php\/wp-json\/wp\/v2\/posts"}],"about":[{"href":"https:\/\/chacosintesis.com.ar\/index.php\/wp-json\/wp\/v2\/types\/post"}],"author":[{"embeddable":true,"href":"https:\/\/chacosintesis.com.ar\/index.php\/wp-json\/wp\/v2\/users\/1"}],"replies":[{"embeddable":true,"href":"https:\/\/chacosintesis.com.ar\/index.php\/wp-json\/wp\/v2\/comments?post=26350"}],"version-history":[{"count":0,"href":"https:\/\/chacosintesis.com.ar\/index.php\/wp-json\/wp\/v2\/posts\/26350\/revisions"}],"wp:featuredmedia":[{"embeddable":true,"href":"https:\/\/chacosintesis.com.ar\/index.php\/wp-json\/wp\/v2\/media\/26351"}],"wp:attachment":[{"href":"https:\/\/chacosintesis.com.ar\/index.php\/wp-json\/wp\/v2\/media?parent=26350"}],"wp:term":[{"taxonomy":"category","embeddable":true,"href":"https:\/\/chacosintesis.com.ar\/index.php\/wp-json\/wp\/v2\/categories?post=26350"},{"taxonomy":"post_tag","embeddable":true,"href":"https:\/\/chacosintesis.com.ar\/index.php\/wp-json\/wp\/v2\/tags?post=26350"}],"curies":[{"name":"wp","href":"https:\/\/api.w.org\/{rel}","templated":true}]}}