{"id":26341,"date":"2023-09-05T10:05:35","date_gmt":"2023-09-05T13:05:35","guid":{"rendered":"https:\/\/chacosintesis.com.ar\/?p=26341"},"modified":"2023-09-05T10:07:31","modified_gmt":"2023-09-05T13:07:31","slug":"una-nueva-maestria-de-la-uncaus-para-apuntalar-el-desarrollo-de-politicas-de-estado-2","status":"publish","type":"post","link":"https:\/\/chacosintesis.com.ar\/index.php\/una-nueva-maestria-de-la-uncaus-para-apuntalar-el-desarrollo-de-politicas-de-estado-2\/","title":{"rendered":"Una nueva maestr\u00eda de la Uncaus para apuntalar el desarrollo de pol\u00edticas de Estado"},"content":{"rendered":"<div class=\"postie-post\">El gobernador particip\u00f3 del lanzamiento de la carrera de posgrado de la UNCAUS que busca formar j\u00f3venes profesionales capaces de contribuir en la mejora del dise\u00f1o y la implementaci\u00f3n de pol\u00edticas p\u00fablicas y participar en procesos de seguimiento, evaluaci\u00f3n y comunicaci\u00f3n de las mismas. \u201cEs la primera maestr\u00eda en su tipo en el pa\u00eds\u201d, destac\u00f3 Capitanich.<\/p>\n<p>El gobernador Jorge Capitanich particip\u00f3 este lunes, del acto de lanzamiento de la Maestr\u00eda en Planificaci\u00f3n y Gesti\u00f3n P\u00fablica de la Universidad del Chaco Austral (Uncaus), realizado en el marco de la Feria Iberoamericana del Libro (FIL) 2023, que se celebra en el predio del Domo del Centenario de Resistencia.<br \/>\n\u201cEsta maestr\u00eda sobre gesti\u00f3n p\u00fablica para la formaci\u00f3n de j\u00f3venes l\u00edderes se trata de un proceso con especialistas que van a generar un proceso de formaci\u00f3n para mejorar y perfeccionar el desarrollo de las pol\u00edticas p\u00fablicas de buena calidad: su dise\u00f1o, ejecuci\u00f3n, monitoreo y evaluaci\u00f3n sistem\u00e1tica de resultados\u201d, se\u00f1al\u00f3 el gobernador, quien estuvo acompa\u00f1ado de las autoridades de la Uncaus: el rector Germ\u00e1n Oestmann (en modalidad virtual), el vicerrector Manuel Garc\u00eda Sol\u00e1; y el secretario Acad\u00e9mico Manuel Ricardone.<br \/>\nEsta carrera de posgrado, que ser\u00e1 la primera de su tipo en el pa\u00eds, \u201cnos permitir\u00e1 contar con especialistas con un gran nivel de calificaci\u00f3n tanto en planificaci\u00f3n, gesti\u00f3n de las pol\u00edticas p\u00fablicas y su comunicaci\u00f3n, lo que permitir\u00e1 tener un nivel de formaci\u00f3n adecuado para garantizar cuadros de responsabilidad\u201d, se\u00f1al\u00f3 el gobernador.<br \/>\nAprobada por la Comisi\u00f3n Nacional de Evaluaci\u00f3n y Acreditaci\u00f3n Universitaria (CONEAU), la maestr\u00eda profesional de modalidad a distancia, tiene una carga horaria de 700 horas y una duraci\u00f3n de dos a\u00f1os. Es una carrera de posgrado busca formar profesionales capaces de contribuir, desde una perspectiva tecno-pol\u00edtica, a mejorar el dise\u00f1o y la implementaci\u00f3n de pol\u00edticas p\u00fablicas en cualquiera de los tres niveles de gobierno (municipal, provincial y nacional), as\u00ed como participar en procesos de seguimiento, evaluaci\u00f3n y comunicaci\u00f3n de las mismas para fortalecer su consistencia, viabilidad y retroalimentaci\u00f3n.<\/p>\n<p>Siguiendo la l\u00ednea de la importancia de contar con recursos humanos calificados, Capitanich se\u00f1al\u00f3 que \u201ctodas las pol\u00edticas p\u00fablicas tienen que ser de buena calidad, porque no solamente se trata de garantizar derechos, si acceder a ellos y que sean de buena calidad\u201d y en este punto, agreg\u00f3: \u201cnecesitamos una capacidad de gerenciamiento del sector p\u00fablico de alt\u00edsima calidad para optimizar recursos, garantizar productiva den cada peso invertido y por supuesto, que tenga trascendencia desde el punto de vista de la planificaci\u00f3n y objetivos y todo esto est\u00e1 dado en esta maestr\u00eda\u201d, expres\u00f3.<br \/>\nEl mandatario explic\u00f3 que la provincia cuenta con un sistema de planificaci\u00f3n estrat\u00e9gica y situacional, administraci\u00f3n financiera, an\u00e1lisis de variables de flujo y stock, control de gesti\u00f3n de metas en distintas \u00e1reas y en este sentido, \u201ccreemos que calificar recursos humanos con aptitudes y vocaci\u00f3n para el ejercicio del sector p\u00fablico es muy importante\u201d, dijo Capitanich.<br \/>\nQuienes quieran inscribirse, deber\u00e1n contar con t\u00edtulo universitario de grado o de nivel superior no universitario de 4 a\u00f1os de duraci\u00f3n como m\u00ednimo, de carreras vinculadas al \u00e1rea pol\u00edtica, social, jur\u00eddica o econ\u00f3mica. Para m\u00e1s informaci\u00f3n ingresar a <a href=\"http:\/\/www.uncaus.edu.ar\">www.uncaus.edu.ar<\/a>.<br \/>\nEntre los presentes durante la presentaci\u00f3n, estuvieron, la vicegobernadora Anal\u00eda Rach Quiroga; el ministro de Gobierno y Trabajo, Juan Manuel Chapo; la ministra de Ambiente y Desarrollo Territorial Sostenible, Marta Soneira; el presidente del Instituto de Cultura, Francisco Romero; la diputada provincial, Claudia Panzardi; el director de la Maestr\u00eda, An\u00edbal Sotelo Maciel; el parlamentario de Mercosur, Julio Sotelo; el subsecretario de Ambiente y Biodiversidad, Tomas Camarasa; la investigadora del Conicet, Marisa Herrera; la doctora Natalia de la Torre; as\u00ed como subsecretarios, profesionales y autoridades acad\u00e9micas.<\/p>\n<p>Mejorar los niveles acad\u00e9micos y de competencias<\/p>\n<p>El rector de la Uncaus, Germ\u00e1n Oestmann, celebr\u00f3 el lanzamiento, que se enmarca en un pedido del Gobernador de contar con una maestr\u00eda para mejorar los niveles acad\u00e9micos y competencias de las personas y \u201cque es la primera maestr\u00eda en la regi\u00f3n, que pueda dar todas las herramientas para ayudar a quienes quieren dedicarse a la vida de la gesti\u00f3n p\u00fablica\u201d, detall\u00f3.<br \/>\nDestacando la formaci\u00f3n a distancia y el impulso por la federalizaci\u00f3n de la formaci\u00f3n acad\u00e9mica, Oestmann expres\u00f3: \u201cQue nuestros hacedores p\u00fablicos, nuestros dirigentes apuesten a una formaci\u00f3n tanto a nivel nacional, provincial o municipal, es muy importante as\u00ed que enhorabuena\u201d.<br \/>\nA su turno, el vicerrector de la Uncaus, Manuel Garc\u00eda Sol\u00e1 explic\u00f3 que, el objetivo de esta oferta acad\u00e9mica de posgrado, es \u201cque los funcionarios que lleguen a la funci\u00f3n p\u00fablica est\u00e9n entrenados para gestionar y en consecuencia resolver los problemas de la gente\u201d. Reiter\u00f3 que esta propuesta surgi\u00f3 de un pedido del gobernador Capitanich de que la universidad aportar\u00e1 \u201crecursos humanos con una formaci\u00f3n de grado y de posgrado en el pa\u00eds y en el mundo\u201d.<br \/>\nAl respecto, ejemplificando con la figura del jefe del Ejecutivo provincial y su experiencia de gesti\u00f3n legislativa, y gubernamental argument\u00f3: \u201cCuando se sabe gestionar el Estado en todos los niveles (municipal, provincial y nacional) las pol\u00edticas p\u00fablicas tienen mejor impacto. Cuando se sabe planificar mejor la gesti\u00f3n p\u00fablica, cuando se sabe ejecutar mejor, cuando se sabe controlar mejor, cuando se sabe transparentar mejor, cuando se sabe comunicar mejor la sociedad sabe para qu\u00e9 tiene sus funcionarios y para qu\u00e9 le sirve al Estado\u201d.<\/p><\/div>\n","protected":false},"excerpt":{"rendered":"<p>El gobernador particip\u00f3 del lanzamiento de la carrera de posgrado de la UNCAUS que busca formar j\u00f3venes profesionales capaces de contribuir en la mejora del dise\u00f1o y la implementaci\u00f3n de pol\u00edticas p\u00fablicas y participar en procesos de seguimiento, evaluaci\u00f3n y comunicaci\u00f3n de las mismas. \u201cEs la primera maestr\u00eda en su tipo en el pa\u00eds\u201d, destac\u00f3 [&hellip;]<\/p>\n","protected":false},"author":1,"featured_media":26342,"comment_status":"closed","ping_status":"closed","sticky":false,"template":"","format":"standard","meta":{"footnotes":""},"categories":[6],"tags":[],"class_list":{"0":"post-26341","1":"post","2":"type-post","3":"status-publish","4":"format-standard","5":"has-post-thumbnail","7":"category-chaco"},"_links":{"self":[{"href":"https:\/\/chacosintesis.com.ar\/index.php\/wp-json\/wp\/v2\/posts\/26341","targetHints":{"allow":["GET"]}}],"collection":[{"href":"https:\/\/chacosintesis.com.ar\/index.php\/wp-json\/wp\/v2\/posts"}],"about":[{"href":"https:\/\/chacosintesis.com.ar\/index.php\/wp-json\/wp\/v2\/types\/post"}],"author":[{"embeddable":true,"href":"https:\/\/chacosintesis.com.ar\/index.php\/wp-json\/wp\/v2\/users\/1"}],"replies":[{"embeddable":true,"href":"https:\/\/chacosintesis.com.ar\/index.php\/wp-json\/wp\/v2\/comments?post=26341"}],"version-history":[{"count":0,"href":"https:\/\/chacosintesis.com.ar\/index.php\/wp-json\/wp\/v2\/posts\/26341\/revisions"}],"wp:featuredmedia":[{"embeddable":true,"href":"https:\/\/chacosintesis.com.ar\/index.php\/wp-json\/wp\/v2\/media\/26342"}],"wp:attachment":[{"href":"https:\/\/chacosintesis.com.ar\/index.php\/wp-json\/wp\/v2\/media?parent=26341"}],"wp:term":[{"taxonomy":"category","embeddable":true,"href":"https:\/\/chacosintesis.com.ar\/index.php\/wp-json\/wp\/v2\/categories?post=26341"},{"taxonomy":"post_tag","embeddable":true,"href":"https:\/\/chacosintesis.com.ar\/index.php\/wp-json\/wp\/v2\/tags?post=26341"}],"curies":[{"name":"wp","href":"https:\/\/api.w.org\/{rel}","templated":true}]}}