{"id":26335,"date":"2023-09-05T09:54:43","date_gmt":"2023-09-05T12:54:43","guid":{"rendered":"https:\/\/chacosintesis.com.ar\/?p=26335"},"modified":"2023-09-05T10:16:15","modified_gmt":"2023-09-05T13:16:15","slug":"26335","status":"publish","type":"post","link":"https:\/\/chacosintesis.com.ar\/index.php\/26335\/","title":{"rendered":"Zdero: &#8220;Vamos a acompa\u00f1ar fuertemente a los que producen y generan trabajo&#8221;"},"content":{"rendered":"<div class=\"postie-post\">Leandro Zdero, candidato a gobernador de Juntos por el Cambio, mantuvo una reuni\u00f3n con comerciantes para contarles sus propuestas en el marco de una invitaci\u00f3n que realiza la C\u00e1mara de Comercio de Resistencia, de cara a las elecciones generales del pr\u00f3ximo 17 de septiembre. \u201cEstamos convencidos, que vamos a acompa\u00f1ar a los sectores que producen y trabajan para recuperar la cultura del trabajo. El desarrollo econ\u00f3mico del Chaco vendr\u00e1 fundamentalmente de la previsibilidad y donde el estado brinde respuestas a las demandas de los sectores\u201d- indic\u00f3.<\/p>\n<p>La reuni\u00f3n se desarroll\u00f3 en la sede de la instituci\u00f3n, en la calle Per\u00f3n 111, de la ciudad de Resistencia para abordar las principales problem\u00e1ticas que atraviesa el sector y para conocer las propuestas de gobierno, por parte de Zdero. \u201cVamos a aliviar en materia impositiva y a acompa\u00f1ar el desarrollo de los comercios; como as\u00ed tambi\u00e9n el desarrollo de la cadena productiva de la regi\u00f3n. Nuestra alianza es con los comerciantes, con el campo, las pymes, la industria, la construcci\u00f3n, los emprendedores para que el estado les saque la pata en el pecho a los que, luchan d\u00eda a d\u00eda, y el Chaco salga adelante. Vamos a impulsar l\u00edneas de cr\u00e9ditos blandos y reducci\u00f3n de impuestos, como la eliminaci\u00f3n de algunos de ellos, para que les vaya bien el comercio, porque de esa manera se genera empleo\u201d.<\/p>\n<p>Por su parte, Iv\u00e1n Bonzi, Pte de la C\u00e1mara de Comercio, Industria y Producci\u00f3n de Resistencia, agradeci\u00f3 que los candidatos accedan a estas convocatorias y expres\u00f3 que estas reuniones se dan en \u201cel marco de las elecciones provinciales y desde la instituci\u00f3n est\u00e1 abierta a todos ellos para contar sus propuestas y su plan de gobierno a nuestro sector\u201d.<\/p>\n<p>Por \u00faltimo, Maximiliano Piseta Baez, vicepresidente del Movimiento Nacional Pyme, remarc\u00f3: \u201cestamos convencidos, de una vez por todas en el Chaco, que la gesti\u00f3n que venga debe estar del lado que produce y trabaja que es el sector que representamos. La provincia debe estar preparada con una bater\u00eda de medidas para estar del lado de los que generan trabajo que significa darle libertad y dignidad a la gente\u201d.<\/p>\n<p>Acompa\u00f1aron a Zdero en esta convocatoria, el pasado jueves, el diputado Livio Guti\u00e9rrez, los candidatos legislativos Ivan Gyoker, Maida With, Carmen Britto, Laura Bissone, Celia Voiquevichi y Carlos Salom.<\/p>\n<\/div>\n","protected":false},"excerpt":{"rendered":"<p>Leandro Zdero, candidato a gobernador de Juntos por el Cambio, mantuvo una reuni\u00f3n con comerciantes para contarles sus propuestas en el marco de una invitaci\u00f3n que realiza la C\u00e1mara de Comercio de Resistencia, de cara a las elecciones generales del pr\u00f3ximo 17 de septiembre. \u201cEstamos convencidos, que vamos a acompa\u00f1ar a los sectores que producen [&hellip;]<\/p>\n","protected":false},"author":1,"featured_media":26336,"comment_status":"closed","ping_status":"closed","sticky":false,"template":"","format":"standard","meta":{"footnotes":""},"categories":[6],"tags":[],"class_list":{"0":"post-26335","1":"post","2":"type-post","3":"status-publish","4":"format-standard","5":"has-post-thumbnail","7":"category-chaco"},"_links":{"self":[{"href":"https:\/\/chacosintesis.com.ar\/index.php\/wp-json\/wp\/v2\/posts\/26335","targetHints":{"allow":["GET"]}}],"collection":[{"href":"https:\/\/chacosintesis.com.ar\/index.php\/wp-json\/wp\/v2\/posts"}],"about":[{"href":"https:\/\/chacosintesis.com.ar\/index.php\/wp-json\/wp\/v2\/types\/post"}],"author":[{"embeddable":true,"href":"https:\/\/chacosintesis.com.ar\/index.php\/wp-json\/wp\/v2\/users\/1"}],"replies":[{"embeddable":true,"href":"https:\/\/chacosintesis.com.ar\/index.php\/wp-json\/wp\/v2\/comments?post=26335"}],"version-history":[{"count":0,"href":"https:\/\/chacosintesis.com.ar\/index.php\/wp-json\/wp\/v2\/posts\/26335\/revisions"}],"wp:featuredmedia":[{"embeddable":true,"href":"https:\/\/chacosintesis.com.ar\/index.php\/wp-json\/wp\/v2\/media\/26336"}],"wp:attachment":[{"href":"https:\/\/chacosintesis.com.ar\/index.php\/wp-json\/wp\/v2\/media?parent=26335"}],"wp:term":[{"taxonomy":"category","embeddable":true,"href":"https:\/\/chacosintesis.com.ar\/index.php\/wp-json\/wp\/v2\/categories?post=26335"},{"taxonomy":"post_tag","embeddable":true,"href":"https:\/\/chacosintesis.com.ar\/index.php\/wp-json\/wp\/v2\/tags?post=26335"}],"curies":[{"name":"wp","href":"https:\/\/api.w.org\/{rel}","templated":true}]}}