{"id":26317,"date":"2023-09-04T20:03:19","date_gmt":"2023-09-04T23:03:19","guid":{"rendered":"https:\/\/chacosintesis.com.ar\/?p=26317"},"modified":"2023-09-04T20:07:59","modified_gmt":"2023-09-04T23:07:59","slug":"martin-portela-y-miguel-jaurechi-electos-representantes-del-personal-en-el-directorio-de-loteria-chaquena","status":"publish","type":"post","link":"https:\/\/chacosintesis.com.ar\/index.php\/martin-portela-y-miguel-jaurechi-electos-representantes-del-personal-en-el-directorio-de-loteria-chaquena\/","title":{"rendered":"Mart\u00edn Portela y Miguel Jaurechi, electos representantes del personal en el Directorio de Loter\u00eda Chaque\u00f1a"},"content":{"rendered":"<div class=\"postie-post\">Mart\u00edn Portela y Miguel Jaurechi resultaron electos como vocal titular y suplente, respectivamente, en representaci\u00f3n de las y los empleados en el Directorio de Loter\u00eda Chaque\u00f1a, durante los comicios que se llevaron a cabo este lunes en el organismo.<br \/>\nEl escrutinio provisorio realizado por la Junta Electoral de Loter\u00eda Chaque\u00f1a determin\u00f3 que la Lista N\u00b0 2 &#8220;Juntos es Mejor&#8221; obtuvo un total de 165 votos, mientras que la Lista N\u00b0 3 &#8220;Voz Unida &#8221; sum\u00f3 56 voluntades y la Lista N\u00b0 1 &#8220;Integraci\u00f3n y Compromiso&#8221; logr\u00f3 contabilizar 23 adhesiones.<br \/>\nEn total, fueron 261 las y los empleados habilitados para sufragar en las dos mesas dispuestas en el edificio de avenida 9 de Julio al 145 de Resistencia y en la sede de Presidencia Roque S\u00e1enz Pe\u00f1a.<br \/>\nPortela y Jaurechi tendr\u00e1n por delante un per\u00edodo de dos a\u00f1os de mandato en el Directorio de Loter\u00eda Chaque\u00f1a, que actualmente es presidido por Gabriel Lemos, acompa\u00f1ado por Rolando Pablik como vocal oficial.<br \/>\nEl Directorio de Loter\u00eda Chaque\u00f1a es un organismo encabezado por un presidente y escoltado por un vocal oficial. Ambos puestos son designados por el Ejecutivo. Este cuerpo se completa con un vocal por el personal, que a su vez es acompa\u00f1ado por un vocal suplente. Estos cargos son elegidos mediante comicios internos que se celebran cada dos a\u00f1os, con la participaci\u00f3n de los trabajadores activos de la instituci\u00f3n.<br \/>\nLos candidatos electos manifestaron su satisfacci\u00f3n por el acompa\u00f1amiento y el alto nivel de participaci\u00f3n evidenciado durante estos comicios que fueron supervisados por la Junta Electoral de Loter\u00eda Chaque\u00f1a, presidida por Viviana Quintana. Los nuevos representantes del personal de Loter\u00eda Chaque\u00f1a asumir\u00e1n sus cargos el pr\u00f3ximo 10 de diciembre para cumplir con su mandato durante el per\u00edodo 2023-2025.<\/div>\n","protected":false},"excerpt":{"rendered":"<p>Mart\u00edn Portela y Miguel Jaurechi resultaron electos como vocal titular y suplente, respectivamente, en representaci\u00f3n de las y los empleados en el Directorio de Loter\u00eda Chaque\u00f1a, durante los comicios que se llevaron a cabo este lunes en el organismo. El escrutinio provisorio realizado por la Junta Electoral de Loter\u00eda Chaque\u00f1a determin\u00f3 que la Lista N\u00b0 [&hellip;]<\/p>\n","protected":false},"author":1,"featured_media":26318,"comment_status":"closed","ping_status":"closed","sticky":false,"template":"","format":"standard","meta":{"footnotes":""},"categories":[6],"tags":[],"class_list":{"0":"post-26317","1":"post","2":"type-post","3":"status-publish","4":"format-standard","5":"has-post-thumbnail","7":"category-chaco"},"_links":{"self":[{"href":"https:\/\/chacosintesis.com.ar\/index.php\/wp-json\/wp\/v2\/posts\/26317","targetHints":{"allow":["GET"]}}],"collection":[{"href":"https:\/\/chacosintesis.com.ar\/index.php\/wp-json\/wp\/v2\/posts"}],"about":[{"href":"https:\/\/chacosintesis.com.ar\/index.php\/wp-json\/wp\/v2\/types\/post"}],"author":[{"embeddable":true,"href":"https:\/\/chacosintesis.com.ar\/index.php\/wp-json\/wp\/v2\/users\/1"}],"replies":[{"embeddable":true,"href":"https:\/\/chacosintesis.com.ar\/index.php\/wp-json\/wp\/v2\/comments?post=26317"}],"version-history":[{"count":0,"href":"https:\/\/chacosintesis.com.ar\/index.php\/wp-json\/wp\/v2\/posts\/26317\/revisions"}],"wp:featuredmedia":[{"embeddable":true,"href":"https:\/\/chacosintesis.com.ar\/index.php\/wp-json\/wp\/v2\/media\/26318"}],"wp:attachment":[{"href":"https:\/\/chacosintesis.com.ar\/index.php\/wp-json\/wp\/v2\/media?parent=26317"}],"wp:term":[{"taxonomy":"category","embeddable":true,"href":"https:\/\/chacosintesis.com.ar\/index.php\/wp-json\/wp\/v2\/categories?post=26317"},{"taxonomy":"post_tag","embeddable":true,"href":"https:\/\/chacosintesis.com.ar\/index.php\/wp-json\/wp\/v2\/tags?post=26317"}],"curies":[{"name":"wp","href":"https:\/\/api.w.org\/{rel}","templated":true}]}}