{"id":263098,"date":"2026-09-06T18:09:57","date_gmt":"2026-09-06T21:09:57","guid":{"rendered":"https:\/\/chacosintesis.com.ar\/index.php\/asi-fue-el-homenaje-a-lionel-messi-durante-el-clasico-rosarino-en-el-gigante-de-arroyito\/"},"modified":"2026-09-06T18:09:57","modified_gmt":"2026-09-06T21:09:57","slug":"asi-fue-el-homenaje-a-lionel-messi-durante-el-clasico-rosarino-en-el-gigante-de-arroyito","status":"publish","type":"post","link":"https:\/\/chacosintesis.com.ar\/index.php\/asi-fue-el-homenaje-a-lionel-messi-durante-el-clasico-rosarino-en-el-gigante-de-arroyito\/","title":{"rendered":"As\u00ed fue el homenaje a Lionel Messi durante el cl\u00e1sico rosarino en el Gigante de Arroyito"},"content":{"rendered":"<p><\/p>\n<div>\t\t<!-- { REGION4 --> <\/p>\n<header class=\"news-headline\">\n<div class=\"news-headline__topics-and-date-wrapper\">    <span class=\"news-headline__publication-date\"> 6 de septiembre 2026 &#8211; 16:54<br \/>\n            <\/span><\/div>\n<h2 class=\"news-headline__article-summary\"\/>\n<p id=\"p-1788721912636-34163\" class=\"ignore-parser\"> A los 10 minutos del partido, el \u00e1rbitro Yael Falc\u00f3n P\u00e9rez par\u00f3 el juego y desat\u00f3 una llamativa reacci\u00f3n de los hinchas de Rosario Central.<\/p>\n<\/header>\n<article class=\"article-body article-body--first-paragraph\" data-td-script-src=\"https:\/\/www.ambito.com\/td\/modulos\/encuestas\/js\/function-embeds-min-version-1788667615.js\">\n<p id=\"p-1788721913521-7745\">El homenaje que el f\u00fatbol argentino le rinde a <strong><a href=\"https:\/\/www.ambito.com\/deportes\/la-bronca-lionel-messi-el-empate-del-inter-miami-fue-buscar-un-rival-y-termino-un-fuerte-cruce-n6319104\" target=\"_blank\" rel=\"follow\">Lionel Messi<\/a><\/strong> tras anunciar su retiro de la Selecci\u00f3n se concret\u00f3 este domingo en el cl\u00e1sico rosarino entre <strong>Rosario Central y Newells&#8217;s<\/strong>. Cuando el juego se detuvo a los 10 minutos de juego en el <strong>Gigante de Arroyito<\/strong>, como indica el protocolo, se desat\u00f3 una curiosa reacci\u00f3n de los hinchas locales.<\/p>\n<\/article>\n<section class=\"suscription-false printed-edition\" style=\"display:none\">\n<p> El contenido al que quiere acceder es exclusivo para suscriptores.<\/p>\n<p>  <span> <button type=\"button\" name=\"button\" class=\"subscribe-btn mercadopago-btn\">suscribirse<\/button><\/span>  <span class=\"btns\"><button type=\"button\" name=\"button\" class=\"subscribe-btn reload-login\"> ya estoy suscripto<\/button><\/span>  <\/p>\n<\/section>\n<article class=\"article-body article-body--second-paragraph\">\n<p id=\"p-1788722283761-18795\">Aunque en la previa al encuentro se hab\u00eda generado cierta <strong>incertidumbre<\/strong> sobre como se iban a tomar el momento los aficionados canallas, debido a que el astro argentino es <strong>hincha confeso de La Lepra,<\/strong> finalmente la escena estuvo cargada de <strong>ingenio<\/strong> y <strong>respeto<\/strong>.<\/p>\n<\/article>\n<section class=\"related-news\">\n<div class=\"row row--eq-height\">\n<div class=\"col-12 col-md-6\">\n<article class=\"news-article news-article--landscape-news news-article--landscape-news\">\n<figure class=\"news-article__figure figure\">\t\t<a href=\"https:\/\/www.ambito.com\/deportes\/cuanto-cuestan-las-remeras-la-mercancia-oficial-lionel-messi-n6317941\" target=\"\" title=\"\u00e1mbito.com | Cu\u00e1nto cuestan las remeras de la mercanc\u00eda oficial de Lionel Messi\" alt=\"\u00e1mbito.com | Cu\u00e1nto cuestan las remeras de la mercanc\u00eda oficial de Lionel Messi\" rel=\"noindex nofollow noreferrer\"><br \/>\n\t\t\t\t\t\t\t\t\t\t\t<img loading=\"lazy\" src=\"https:\/\/chacosintesis.com.ar\/wp-content\/uploads\/2026\/09\/Asi-fue-el-homenaje-a-Lionel-Messi-durante-el-clasico.jpg\" decoding=\"async\" fetchpriority=\"low\" loading=\"lazy\" alt=\"Una de las figuras m\u00e1s reconocidas del f\u00fatbol mundial, tambi\u00e9n cuenta con una marca de indumentaria inspirada en su trayectoria.\" title=\"Una de las figuras m\u00e1s reconocidas del f\u00fatbol mundial, tambi\u00e9n cuenta con una marca de indumentaria inspirada en su trayectoria.\" width=\"93\" height=\"52\" class=\"news-article__figure-img figure-img img-fluid\"\/>\t\t<\/a><\/figure>\n<\/article><\/div>\n<\/div>\n<\/section>\n<article class=\"article-body article-body--third-paragraph\">\n<h2 id=\"p-1788723066956-20004\"> As\u00ed fue el homenaje a Messi en el Gigante de Arroyito<\/h2>\n<p id=\"p-1788722621739-34186\" class=\"\" data-paragraph-number=\"3\" data-mrf-recirculation=\"Links inline\">Una vez que el \u00e1rbitro <strong>Yael Falc\u00f3n P\u00e9rez<\/strong> par\u00f3 el juego, surgi\u00f3 un respetuoso aplauso hacia Messi, pero tambi\u00e9n desde las tribunas se escuch\u00f3 el \u201c<strong>Fideo, Fideo, Fideo<\/strong>\u201d, en alusi\u00f3n a <strong>\u00c1ngel Di Mar\u00eda<\/strong>, su capit\u00e1n, campe\u00f3n del mundo, bicampe\u00f3n de Am\u00e9rica y futbolista m\u00e1s representativo desde que volvi\u00f3 a su club. Sin embargo, el propio <strong>Di Mar\u00eda <\/strong>se encarg\u00f3 de rendirle tributo a su amigo <strong>Messi<\/strong> y aplaudi\u00f3 durante todo el minuto.<\/p>\n<\/article>\n<article class=\"article-body article-body--fourth-paragraph\">\n<p id=\"p-1788723165559-25748\" class=\"\" data-paragraph-number=\"3\" data-mrf-recirculation=\"Links inline\">El Fideo y el capit\u00e1n de la selecci\u00f3n argentina fueron compa\u00f1eros en la Albiceleste durante 17 a\u00f1os. Lograron la medalla dorada en los <strong>Juegos Ol\u00edmpicos de Beijing 2008<\/strong>. Luego ambos se consagraron a nivel mayores y ganaron el <strong>Mundial Qatar 2022, las Copas Am\u00e9rica de Brasil 2021 y Estados Unidos 2024, y la Finalissima de 2022<\/strong>.<\/p>\n<\/article>\n<article class=\"article-body article-body--fifth-paragraph\">\n<p id=\"p-1788723240158-97113\" class=\"\" data-paragraph-number=\"3\" data-mrf-recirculation=\"Links inline\">Tambi\u00e9n, disputaron juntos los mundiales de <strong>Sud\u00e1frica 2010, Brasil 2014, Rusia 2018<\/strong>, adem\u00e1s de las <strong>copas am\u00e9rica de 2011, 2015, 2016 y 2019.<\/strong><\/p>\n<\/article>\n<article class=\"article-body article-body--remaining-paragraph\">\n<p id=\"p-1788722798327-15505\"> Adem\u00e1s del homenaje de protocolo, <strong>Newell&#8217;s ya hab\u00eda decidido brindarle su propio tributo<\/strong> a Messi desde la salida al campo de juego. La Lepra salt\u00f3 a la cancha luciendo un <strong>parche especial en el centro de la camiseta<\/strong> con la imagen del \u00eddolo y la leyenda &#8220;<strong>Gracias Leo<\/strong>&#8220;, una frase que tambi\u00e9n qued\u00f3 <strong>estampada en la cinta de capit\u00e1n de Luca Regiardo, <\/strong>para inmortalizar el agradecimiento hacia el astro argentino.<\/p>\n<h2 id=\"p-1788723454786-50855\" data-paragraph-number=\"3\" data-mrf-recirculation=\"Links inline\">Una especial nueva edici\u00f3n del cl\u00e1sico rosarino<\/h2>\n<p id=\"p-1788722710573-91102\">Una vez cumplido el minuto estipulado, el partido retom\u00f3 su ritmo, d\u00e1ndole paso nuevamente a la fricci\u00f3n y al clima fren\u00e9tico t\u00edpico cl\u00e1sico rosarino.<\/p>\n<p id=\"p-1788723536336-32273\">Como en cada oportunidad que se lleva a cabo el cl\u00e1sico, la ciudad santafesina se paraliz\u00f3 en un duelo que mueve pasiones y en el que hay mucho en juego.<\/p>\n<p id=\"p-1788724200532-99434\">El encuentro finalmente termin\u00f3 1-1. El Canalla comenz\u00f3 ganando con el gol de Gast\u00f3n Avila y La Lepra lo igual\u00f3 en la \u00faltima jugada gracias al tanto de Matias Coccaro, que tuvo que ser convalidado con el VAR.<\/p>\n<\/article>\n<p>\t\t<!-- REGION4 } --><\/div>\n<p><script>\n!function(f,b,e,v,n,t,s)\n{if(f.fbq)return;n=f.fbq=function(){n.callMethod?\nn.callMethod.apply(n,arguments):n.queue.push(arguments)};\nif(!f._fbq)f._fbq=n;n.push=n;n.loaded=!0;n.version='2.0';\nn.queue=[];t=b.createElement(e);t.async=!0;\nt.src=v;s=b.getElementsByTagName(e)[0];\ns.parentNode.insertBefore(t,s)}(window,document,'script',\n'https:\/\/connect.facebook.net\/en_US\/fbevents.js');\nfbq('init', '2047048335588113');\nfbq('track', 'PageView');\n<\/script><\/p>\n<p>Ambito.-<\/p>\n","protected":false},"excerpt":{"rendered":"<p>6 de septiembre 2026 &#8211; 16:54 A los 10 minutos del partido, el \u00e1rbitro Yael Falc\u00f3n P\u00e9rez par\u00f3 el juego y desat\u00f3 una llamativa reacci\u00f3n de los hinchas de Rosario Central. El homenaje que el f\u00fatbol argentino le rinde a Lionel Messi tras anunciar su retiro de la Selecci\u00f3n se concret\u00f3 este domingo en el [&hellip;]<\/p>\n","protected":false},"author":1,"featured_media":263099,"comment_status":"closed","ping_status":"","sticky":false,"template":"","format":"standard","meta":{"footnotes":""},"categories":[7],"tags":[1125,1276,1081],"class_list":["post-263098","post","type-post","status-publish","format-standard","has-post-thumbnail","category-deportes","tag-lionel-messi","tag-newells","tag-rosario-central"],"_links":{"self":[{"href":"https:\/\/chacosintesis.com.ar\/index.php\/wp-json\/wp\/v2\/posts\/263098","targetHints":{"allow":["GET"]}}],"collection":[{"href":"https:\/\/chacosintesis.com.ar\/index.php\/wp-json\/wp\/v2\/posts"}],"about":[{"href":"https:\/\/chacosintesis.com.ar\/index.php\/wp-json\/wp\/v2\/types\/post"}],"author":[{"embeddable":true,"href":"https:\/\/chacosintesis.com.ar\/index.php\/wp-json\/wp\/v2\/users\/1"}],"replies":[{"embeddable":true,"href":"https:\/\/chacosintesis.com.ar\/index.php\/wp-json\/wp\/v2\/comments?post=263098"}],"version-history":[{"count":0,"href":"https:\/\/chacosintesis.com.ar\/index.php\/wp-json\/wp\/v2\/posts\/263098\/revisions"}],"wp:featuredmedia":[{"embeddable":true,"href":"https:\/\/chacosintesis.com.ar\/index.php\/wp-json\/wp\/v2\/media\/263099"}],"wp:attachment":[{"href":"https:\/\/chacosintesis.com.ar\/index.php\/wp-json\/wp\/v2\/media?parent=263098"}],"wp:term":[{"taxonomy":"category","embeddable":true,"href":"https:\/\/chacosintesis.com.ar\/index.php\/wp-json\/wp\/v2\/categories?post=263098"},{"taxonomy":"post_tag","embeddable":true,"href":"https:\/\/chacosintesis.com.ar\/index.php\/wp-json\/wp\/v2\/tags?post=263098"}],"curies":[{"name":"wp","href":"https:\/\/api.w.org\/{rel}","templated":true}]}}