{"id":262978,"date":"2026-09-06T14:08:29","date_gmt":"2026-09-06T17:08:29","guid":{"rendered":"https:\/\/chacosintesis.com.ar\/index.php\/otra-tarde-dificil-para-julian-alvarez-silbidos-y-derrota-3-0-para-el-atletico-de-madrid\/"},"modified":"2026-09-06T14:08:29","modified_gmt":"2026-09-06T17:08:29","slug":"otra-tarde-dificil-para-julian-alvarez-silbidos-y-derrota-3-0-para-el-atletico-de-madrid","status":"publish","type":"post","link":"https:\/\/chacosintesis.com.ar\/index.php\/otra-tarde-dificil-para-julian-alvarez-silbidos-y-derrota-3-0-para-el-atletico-de-madrid\/","title":{"rendered":"Otra tarde dif\u00edcil para Juli\u00e1n Alvarez: silbidos y derrota 3-0 para el Atl\u00e9tico de Madrid"},"content":{"rendered":"<p><\/p>\n<div>\t\t<!-- { REGION4 --> <\/p>\n<header class=\"news-headline\">\n<div class=\"news-headline__topics-and-date-wrapper\">    <span class=\"news-headline__publication-date\"> 6 de septiembre 2026 &#8211; 13:45<br \/>\n            <\/span><\/div>\n<h2 class=\"news-headline__article-summary\"\/>\n<p id=\"p-1788699389138-91980\" class=\"ignore-parser\"> El delantero argentino fue reprobado otra vez por los hinchas durante la derrota 3-0 ante Athletic Bilbao. Cuti Romero debut\u00f3.<\/p>\n<\/header>\n<article class=\"article-body article-body--first-paragraph\" data-td-script-src=\"https:\/\/www.ambito.com\/td\/modulos\/encuestas\/js\/function-embeds-min-version-1788667615.js\">\n<p id=\"p-1788700894086-28759\" class=\"\"><a href=\"https:\/\/www.ambito.com\/deportes\/tras-caerse-su-pase-al-barcelona-julian-alvarez-volvio-ser-convocado-el-atletico-madrid-n6318557\" target=\"_blank\" rel=\"follow\">Juli\u00e1n Alvarez<\/a> volvi\u00f3 a vivir una tarde dif\u00edcil en Atl\u00e9tico de Madrid: <strong>fue silbado nuevamente por los hinchas durante la goleada 3-0 ante Athletic Bilbao<\/strong> por la cuarta fecha de la Liga de Espa\u00f1a. La Ara\u00f1a ingres\u00f3 en el segundo tiempo, cuando su equipo ya perd\u00eda 2-0, y no pudo evitar la primera derrota del conjunto de Diego Simeone en el torneo.<\/p>\n<\/article>\n<section class=\"suscription-false printed-edition\" style=\"display:none\">\n<p> El contenido al que quiere acceder es exclusivo para suscriptores.<\/p>\n<p>  <span> <button type=\"button\" name=\"button\" class=\"subscribe-btn mercadopago-btn\">suscribirse<\/button><\/span>  <span class=\"btns\"><button type=\"button\" name=\"button\" class=\"subscribe-btn reload-login\"> ya estoy suscripto<\/button><\/span>  <\/p>\n<\/section>\n<article class=\"article-body article-body--second-paragraph\">\n<p id=\"p-1788700894086-5546\" class=\"\">El delantero argentino entr\u00f3 junto a <strong>Cristian \u201cCuti\u201d Romero<\/strong>, quien hizo su debut con la camiseta del Atl\u00e9tico tras su llegada desde Tottenham. Alvarez tuvo una ocasi\u00f3n clara que fue tapada por Unai Sim\u00f3n, pero el equipo madrile\u00f1o no logr\u00f3 reaccionar y termin\u00f3 sufriendo una derrota contundente en San Mam\u00e9s.<\/p>\n<\/article>\n<section class=\"related-news\">\n<div class=\"row row--eq-height\">\n<div class=\"col-12 col-md-6\">\n<article class=\"news-article news-article--landscape-news news-article--landscape-news\">\n<figure class=\"news-article__figure figure\">\t\t<a href=\"https:\/\/www.ambito.com\/deportes\/fin-la-novela-barcelona-se-canso-esperar-julian-alvarez-y-eligio-otro-delantero-n6316438\" target=\"\" title=\"\u00e1mbito.com | Fin de la novela: Barcelona se cans\u00f3 de esperar a Juli\u00e1n \u00c1lvarez y eligi\u00f3 a otro delantero\" alt=\"\u00e1mbito.com | Fin de la novela: Barcelona se cans\u00f3 de esperar a Juli\u00e1n \u00c1lvarez y eligi\u00f3 a otro delantero\" rel=\"noindex nofollow noreferrer\"><br \/>\n\t\t\t\t\t\t\t\t\t\t\t<img loading=\"lazy\" src=\"https:\/\/chacosintesis.com.ar\/wp-content\/uploads\/2026\/09\/Otra-tarde-dificil-para-Julian-Alvarez-silbidos-y-derrota-3-0.jpg\" decoding=\"async\" fetchpriority=\"low\" loading=\"lazy\" alt=\"Barcelona se cans\u00f3 de esperar a Juli\u00e1n \u00c1lvarez y eligi\u00f3 a otro delantero.\" title=\"Barcelona se cans\u00f3 de esperar a Juli\u00e1n \u00c1lvarez y eligi\u00f3 a otro delantero.\" width=\"93\" height=\"52\" class=\"news-article__figure-img figure-img img-fluid\"\/>\t\t<\/a><\/figure>\n<\/article><\/div>\n<\/div>\n<\/section>\n<article class=\"article-body article-body--third-paragraph\">\n<h2 id=\"p-1788700894086-67698\"> Los hinchas volvieron a silbar a Juli\u00e1n Alvarez<\/h2>\n<p id=\"p-1788701089368-77654\" class=\"\">Los silbidos hacia el atacante argentino se produjeron nuevamente en medio de la <strong>tensi\u00f3n que existe entre Alvarez y los fan\u00e1ticos del Atl\u00e9tico<\/strong>. La situaci\u00f3n ya se hab\u00eda registrado en el empate 2-2 ante Villarreal, el 23 de agosto, despu\u00e9s de los d\u00edas de incertidumbre que atraves\u00f3 el futbolista por su deseo de marcharse a Barcelona.<\/p>\n<\/article>\n<article class=\"article-body article-body--fourth-paragraph\">\n<div contenteditable=\"false\" class=\"embed_cont type_video\" id=\"8274542-848704050_wrap\">\n<div class=\"embed_wrapper-cont\" id=\"p-1788701089368-4790\">\n<div id=\"8274542-848704050_epigrafe\" class=\"embed_epigrafe\">\n<p id=\"p-1788711882126-31065\">Los fan\u00e1ticos del equipo madrile\u00f1o volvieron a manifestar su malestar con Juli\u00e1n \u00c1lvarez en San Mam\u00e9s.<\/p>\n<\/div>\n<p>ESPN<\/p>\n<\/div><\/div>\n<p id=\"p-1788700894086-10165\" class=\"\">Juli\u00e1n tampoco hab\u00eda sido convocado para la victoria frente a Sevilla de la fecha anterior por \u201cuna indisposici\u00f3n\u201d. Esto ocurri\u00f3 luego de varios d\u00edas en los que <strong>falt\u00f3 a entrenamientos<\/strong>, en un contexto de creciente malestar por su situaci\u00f3n. Finalmente, el mercado de pases termin\u00f3 sin su salida del club.<\/p>\n<\/article>\n<article class=\"article-body article-body--fifth-paragraph\">\n<p id=\"p-1788700894086-19836\" class=\"\">Esta vez, la reacci\u00f3n de los hinchas volvi\u00f3 a hacerse sentir cuando ingres\u00f3 al campo de juego. Sin embargo, tras el encuentro, <strong>Juli\u00e1n se acerc\u00f3 junto al resto del plantel a la zona donde estaban unos 200 aficionados del Atl\u00e9tico<\/strong>, que hab\u00edan acompa\u00f1ado al equipo. Pese a los silbidos durante su ingreso, el argentino fue uno m\u00e1s en el saludo final.<\/p>\n<\/article>\n<article class=\"article-body article-body--remaining-paragraph\">\n<h2 id=\"p-1788700894086-95060\">Atl\u00e9tico sufri\u00f3 una goleada antes de la Champions<\/h2>\n<p id=\"p-1788700894086-23914\" class=\"\">El Atl\u00e9tico hab\u00eda tenido un buen primer tiempo y cont\u00f3 con las principales ocasiones, pero <strong>no logr\u00f3 convertir<\/strong>. Athletic Bilbao aprovech\u00f3 las oportunidades que tuvo en el complemento y marc\u00f3 dos goles en apenas dos minutos, primero mediante Nico Williams y luego a trav\u00e9s de Robert Navarro. Oihan Sancet sell\u00f3 el 3-0 sobre el final.<\/p>\n<p id=\"p-1788700894086-87399\" class=\"\">\u201c<strong>El Athletic aprovech\u00f3 esos dos minutos de desconexi\u00f3n que tuvimos y eso es responsabilidad del cuerpo t\u00e9cnico<\/strong>\u201d, reconoci\u00f3 Simeone despu\u00e9s de la derrota. Y agreg\u00f3: \u201cEl partido fue lo que se vio. Un buen primer tiempo, sobre todo de cara a lo que iba a ser el segundo, y se dieron esos dos minutos de poca atenci\u00f3n y esas resoluci\u00f3n de situaciones que debimos resolver mejor\u201d.<\/p>\n<p id=\"p-1788701121544-51615\" class=\"\">El entrenador tambi\u00e9n se refiri\u00f3 a la actuaci\u00f3n de Alvarez: \u201c<strong>Salvo una de Juli\u00e1n (que tap\u00f3 Unai Sim\u00f3n), no tuvimos ocasiones claras (en el segundo tiempo). El Athletic es un equipo que va pelear por los primeros lugares<\/strong>\u201d.<\/p>\n<div contenteditable=\"false\" class=\"embed_cont type_imagen\" id=\"8268217-Libre-193173910_wrap\">\n<div id=\"8268217-Libre-193173910_content\" class=\"embed_content\"><img loading=\"lazy\" src=\"https:\/\/chacosintesis.com.ar\/wp-content\/uploads\/2026\/09\/1788714509_491_Otra-tarde-dificil-para-Julian-Alvarez-silbidos-y-derrota-3-0.jpg\" decoding=\"async\" fetchpriority=\"low\" loading=\"lazy\" alt=\"Diego Simeone analiz\u00f3 la ca\u00edda de su equipo y habl\u00f3 sobre la actuaci\u00f3n de Juli\u00e1n \u00c1lvarez.\" title=\"Diego Simeone analiz\u00f3 la ca\u00edda de su equipo y habl\u00f3 sobre la actuaci\u00f3n de Juli\u00e1n \u00c1lvarez.\" width=\"730\" height=\"409\" id=\"8268217-Libre-193173910_embed\"\/><\/div>\n<div class=\"embed_wrapper-cont\" id=\"p-1788701121544-41610\">\n<div id=\"8268217-Libre-193173910_epigrafe\" class=\"embed_epigrafe\">\n<p id=\"p-1788711856178-44988\">Diego Simeone analiz\u00f3 la ca\u00edda de su equipo y habl\u00f3 sobre la actuaci\u00f3n de Juli\u00e1n \u00c1lvarez.<\/p>\n<\/div>\n<p>DU Sport<\/p>\n<\/div><\/div>\n<p id=\"p-1788700894086-82694\" class=\"\">La derrota dej\u00f3 al Atl\u00e9tico con dudas justo antes de su debut en la <strong>Champions League<\/strong>. El equipo de Simeone enfrentar\u00e1 a Liverpool el pr\u00f3ximo mi\u00e9rcoles, mientras que Alvarez tendr\u00e1 una nueva oportunidad para intentar revertir la relaci\u00f3n con los hinchas y recuperar protagonismo dentro del equipo.<\/p>\n<p id=\"p-1788700894086-48099\">Antes del partido, Simeone hab\u00eda se\u00f1alado: \u201c<strong>Yo miro siempre para delante, tenemos una temporada bonita y con retos. Iremos cada partido a hacerlo lo mejor posible. Juli\u00e1n tiene la oportunidad de ajustar cosas en su vida que lo mejoren a \u00e9l<\/strong>\u201d.<\/p>\n<\/article>\n<p>\t\t<!-- REGION4 } --><\/div>\n<p><script>\n!function(f,b,e,v,n,t,s)\n{if(f.fbq)return;n=f.fbq=function(){n.callMethod?\nn.callMethod.apply(n,arguments):n.queue.push(arguments)};\nif(!f._fbq)f._fbq=n;n.push=n;n.loaded=!0;n.version='2.0';\nn.queue=[];t=b.createElement(e);t.async=!0;\nt.src=v;s=b.getElementsByTagName(e)[0];\ns.parentNode.insertBefore(t,s)}(window,document,'script',\n'https:\/\/connect.facebook.net\/en_US\/fbevents.js');\nfbq('init', '2047048335588113');\nfbq('track', 'PageView');\n<\/script><\/p>\n<p>Ambito.-<\/p>\n","protected":false},"excerpt":{"rendered":"<p>6 de septiembre 2026 &#8211; 13:45 El delantero argentino fue reprobado otra vez por los hinchas durante la derrota 3-0 ante Athletic Bilbao. Cuti Romero debut\u00f3. Juli\u00e1n Alvarez volvi\u00f3 a vivir una tarde dif\u00edcil en Atl\u00e9tico de Madrid: fue silbado nuevamente por los hinchas durante la goleada 3-0 ante Athletic Bilbao por la cuarta fecha [&hellip;]<\/p>\n","protected":false},"author":1,"featured_media":262979,"comment_status":"closed","ping_status":"","sticky":false,"template":"","format":"standard","meta":{"footnotes":""},"categories":[7],"tags":[1184,1182],"class_list":["post-262978","post","type-post","status-publish","format-standard","has-post-thumbnail","category-deportes","tag-atlu00e9tico-de-madrid","tag-juliu00e1n-u00c1lvarez"],"_links":{"self":[{"href":"https:\/\/chacosintesis.com.ar\/index.php\/wp-json\/wp\/v2\/posts\/262978","targetHints":{"allow":["GET"]}}],"collection":[{"href":"https:\/\/chacosintesis.com.ar\/index.php\/wp-json\/wp\/v2\/posts"}],"about":[{"href":"https:\/\/chacosintesis.com.ar\/index.php\/wp-json\/wp\/v2\/types\/post"}],"author":[{"embeddable":true,"href":"https:\/\/chacosintesis.com.ar\/index.php\/wp-json\/wp\/v2\/users\/1"}],"replies":[{"embeddable":true,"href":"https:\/\/chacosintesis.com.ar\/index.php\/wp-json\/wp\/v2\/comments?post=262978"}],"version-history":[{"count":0,"href":"https:\/\/chacosintesis.com.ar\/index.php\/wp-json\/wp\/v2\/posts\/262978\/revisions"}],"wp:featuredmedia":[{"embeddable":true,"href":"https:\/\/chacosintesis.com.ar\/index.php\/wp-json\/wp\/v2\/media\/262979"}],"wp:attachment":[{"href":"https:\/\/chacosintesis.com.ar\/index.php\/wp-json\/wp\/v2\/media?parent=262978"}],"wp:term":[{"taxonomy":"category","embeddable":true,"href":"https:\/\/chacosintesis.com.ar\/index.php\/wp-json\/wp\/v2\/categories?post=262978"},{"taxonomy":"post_tag","embeddable":true,"href":"https:\/\/chacosintesis.com.ar\/index.php\/wp-json\/wp\/v2\/tags?post=262978"}],"curies":[{"name":"wp","href":"https:\/\/api.w.org\/{rel}","templated":true}]}}