{"id":262960,"date":"2026-09-06T12:07:02","date_gmt":"2026-09-06T15:07:02","guid":{"rendered":"https:\/\/chacosintesis.com.ar\/index.php\/el-despiste-de-franco-colapinto-en-el-gran-premio-de-italia-que-le-costo-caro-iba-3-y-quedo-16\/"},"modified":"2026-09-06T12:07:02","modified_gmt":"2026-09-06T15:07:02","slug":"el-despiste-de-franco-colapinto-en-el-gran-premio-de-italia-que-le-costo-caro-iba-3-y-quedo-16","status":"publish","type":"post","link":"https:\/\/chacosintesis.com.ar\/index.php\/el-despiste-de-franco-colapinto-en-el-gran-premio-de-italia-que-le-costo-caro-iba-3-y-quedo-16\/","title":{"rendered":"El despiste de Franco Colapinto en el Gran Premio de Italia que le cost\u00f3 caro: iba 3\u00b0 y qued\u00f3 16\u00b0"},"content":{"rendered":"<p><\/p>\n<div>\t\t<!-- { REGION4 --> <\/p>\n<header class=\"news-headline\">\n<div class=\"news-headline__topics-and-date-wrapper\">    <span class=\"news-headline__publication-date\"> 6 de septiembre 2026 &#8211; 11:28<br \/>\n            <\/span><\/div>\n<\/header>\n<article class=\"article-body article-body--first-paragraph\" data-td-script-src=\"https:\/\/www.ambito.com\/td\/modulos\/encuestas\/js\/function-embeds-min-version-1788494872.js\">\n<p id=\"p-1788705156299-26591\" class=\"\"><strong>Franco Colapinto<\/strong> tuvo un comienzo prometedor en el <strong><a href=\"https:\/\/www.ambito.com\/deportes\/russell-lidera-el-gp-italia-y-colapinto-se-mete-zona-puntos-una-gran-recuperacion-un-despiste-n6318861\" target=\"_blank\" rel=\"follow\">Gran Premio de Italia<\/a><\/strong>, pero un despiste cuando marchaba entre los primeros lo oblig\u00f3 a perder varias posiciones y complic\u00f3 su carrera en <strong> Monza<\/strong>. Antes, <a href=\"https:\/\/www.ambito.com\/deportes\/asi-fue-el-duro-choque-charles-leclerc-el-gran-premio-italia-despiste-susto-el-piloto-ferrari-y-bandera-roja-monza-n6319038\" target=\"_blank\" rel=\"follow\">Charles Leclerc protagoniz\u00f3 un fuerte accidente con su Ferrari<\/a> que llev\u00f3 susto y alerta a los espectadores.<\/p>\n<\/article>\n<section class=\"suscription-false printed-edition\" style=\"display:none\">\n<p> El contenido al que quiere acceder es exclusivo para suscriptores.<\/p>\n<p>  <span> <button type=\"button\" name=\"button\" class=\"subscribe-btn mercadopago-btn\">suscribirse<\/button><\/span>  <span class=\"btns\"><button type=\"button\" name=\"button\" class=\"subscribe-btn reload-login\"> ya estoy suscripto<\/button><\/span>  <\/p>\n<\/section>\n<article class=\"article-body article-body--second-paragraph\">\n<p id=\"p-1788705156299-95012\" class=\"\">El piloto argentino de Alpine hab\u00eda largado s\u00e9ptimo y consigui\u00f3 avanzar hasta la cuarta posici\u00f3n antes de la bandera roja provocada por el fuerte accidente de Charles Leclerc. En la segunda largada, Colapinto volvi\u00f3 a protagonizar una buena maniobra y lleg\u00f3 a ubicarse tercero tras superar a Max Verstappen.<\/p>\n<\/article>\n<section class=\"related-news\">\n<div class=\"row row--eq-height\">\n<div class=\"col-12 col-md-6\">\n<article class=\"news-article news-article--landscape-news news-article--landscape-news\">\n<figure class=\"news-article__figure figure\">\t\t<a href=\"https:\/\/www.ambito.com\/deportes\/franco-colapinto-logro-su-mejor-clasificacion-la-formula-1-elogio-la-pole-pierre-gasly-y-explico-que-le-falto-monza-n6318933\" target=\"\" title=\"\u00e1mbito.com | Colapinto logr\u00f3 su mejor clasificaci\u00f3n, elogi\u00f3 la pole de Gasly y explic\u00f3 qu\u00e9 le falt\u00f3 en Monza\" alt=\"\u00e1mbito.com | Colapinto logr\u00f3 su mejor clasificaci\u00f3n, elogi\u00f3 la pole de Gasly y explic\u00f3 qu\u00e9 le falt\u00f3 en Monza\" rel=\"noindex nofollow noreferrer\"><br \/>\n\t\t\t\t\t\t\t\t\t\t\t<img loading=\"lazy\" src=\"https:\/\/chacosintesis.com.ar\/wp-content\/uploads\/2026\/08\/1786559825_167_Cadillac-cambia-de-director-en-la-Formula-1-Budkowski-reemplaza.jpg\" decoding=\"async\" fetchpriority=\"low\" loading=\"lazy\" alt=\"Franco Colapinto elogi\u00f3 a Pierre Gasly.\" title=\"Franco Colapinto elogi\u00f3 a Pierre Gasly.\" width=\"93\" height=\"52\" class=\"news-article__figure-img figure-img img-fluid\"\/>\t\t<\/a><\/figure>\n<\/article><\/div>\n<\/div>\n<\/section>\n<article class=\"article-body article-body--third-paragraph\">\n<h2 id=\"p-1788706005964-20211\"> Colapinto ven\u00eda 3\u00b0 y un despiste lo sac\u00f3 de carrera<\/h2>\n<p id=\"p-1788705156299-36122\" class=\"\">Sin embargo, el neerland\u00e9s recuper\u00f3 r\u00e1pidamente la posici\u00f3n al adelantarlo en la Variante della Roggia. Poco despu\u00e9s, Colapinto perdi\u00f3 el control de su Alpine A526 al transitar por la primera curva de Lesmo y termin\u00f3 fuera de pista.<\/p>\n<\/article>\n<article class=\"article-body article-body--fourth-paragraph\">\n<p id=\"p-1788705156299-63109\" class=\"\">El argentino pas\u00f3 por la grava y perdi\u00f3 una importante cantidad de posiciones. Como consecuencia del despiste, cay\u00f3 hasta el puesto 16 del clasificador del Gran Premio de Italia, despu\u00e9s de haber llegado a estar en el tercer lugar.<\/p>\n<\/article>\n<article class=\"article-body article-body--fifth-paragraph\">\n<p id=\"p-1788705156299-33976\">El incidente signific\u00f3 un duro golpe para Colapinto, que hab\u00eda mostrado un ritmo competitivo durante las primeras vueltas y aprovechado las alternativas que se dieron en Monza. El piloto de Alpine deber\u00e1 ahora intentar recuperar posiciones en una carrera que se present\u00f3 cambiante desde sus primeros giros.<\/p>\n<\/article>\n<article class=\"article-body article-body--remaining-paragraph\">     <\/article>\n<p>\t\t<!-- REGION4 } --><\/div>\n<p><script>\n!function(f,b,e,v,n,t,s)\n{if(f.fbq)return;n=f.fbq=function(){n.callMethod?\nn.callMethod.apply(n,arguments):n.queue.push(arguments)};\nif(!f._fbq)f._fbq=n;n.push=n;n.loaded=!0;n.version='2.0';\nn.queue=[];t=b.createElement(e);t.async=!0;\nt.src=v;s=b.getElementsByTagName(e)[0];\ns.parentNode.insertBefore(t,s)}(window,document,'script',\n'https:\/\/connect.facebook.net\/en_US\/fbevents.js');\nfbq('init', '2047048335588113');\nfbq('track', 'PageView');\n<\/script><\/p>\n<p>Ambito.-<\/p>\n","protected":false},"excerpt":{"rendered":"<p>6 de septiembre 2026 &#8211; 11:28 Franco Colapinto tuvo un comienzo prometedor en el Gran Premio de Italia, pero un despiste cuando marchaba entre los primeros lo oblig\u00f3 a perder varias posiciones y complic\u00f3 su carrera en Monza. Antes, Charles Leclerc protagoniz\u00f3 un fuerte accidente con su Ferrari que llev\u00f3 susto y alerta a los [&hellip;]<\/p>\n","protected":false},"author":1,"featured_media":262961,"comment_status":"closed","ping_status":"","sticky":false,"template":"","format":"standard","meta":{"footnotes":""},"categories":[7],"tags":[410,1111,1110],"class_list":["post-262960","post","type-post","status-publish","format-standard","has-post-thumbnail","category-deportes","tag-alpine","tag-franco-colapinto","tag-fu00f3rmula-1"],"_links":{"self":[{"href":"https:\/\/chacosintesis.com.ar\/index.php\/wp-json\/wp\/v2\/posts\/262960","targetHints":{"allow":["GET"]}}],"collection":[{"href":"https:\/\/chacosintesis.com.ar\/index.php\/wp-json\/wp\/v2\/posts"}],"about":[{"href":"https:\/\/chacosintesis.com.ar\/index.php\/wp-json\/wp\/v2\/types\/post"}],"author":[{"embeddable":true,"href":"https:\/\/chacosintesis.com.ar\/index.php\/wp-json\/wp\/v2\/users\/1"}],"replies":[{"embeddable":true,"href":"https:\/\/chacosintesis.com.ar\/index.php\/wp-json\/wp\/v2\/comments?post=262960"}],"version-history":[{"count":0,"href":"https:\/\/chacosintesis.com.ar\/index.php\/wp-json\/wp\/v2\/posts\/262960\/revisions"}],"wp:featuredmedia":[{"embeddable":true,"href":"https:\/\/chacosintesis.com.ar\/index.php\/wp-json\/wp\/v2\/media\/262961"}],"wp:attachment":[{"href":"https:\/\/chacosintesis.com.ar\/index.php\/wp-json\/wp\/v2\/media?parent=262960"}],"wp:term":[{"taxonomy":"category","embeddable":true,"href":"https:\/\/chacosintesis.com.ar\/index.php\/wp-json\/wp\/v2\/categories?post=262960"},{"taxonomy":"post_tag","embeddable":true,"href":"https:\/\/chacosintesis.com.ar\/index.php\/wp-json\/wp\/v2\/tags?post=262960"}],"curies":[{"name":"wp","href":"https:\/\/api.w.org\/{rel}","templated":true}]}}