{"id":26295,"date":"2023-09-04T19:39:43","date_gmt":"2023-09-04T22:39:43","guid":{"rendered":"https:\/\/chacosintesis.com.ar\/?p=26295"},"modified":"2023-09-04T20:07:06","modified_gmt":"2023-09-04T23:07:06","slug":"la-clotilde-celebro-un-nuevo-aniversario-con-la-inauguracion-de-multiples-obras-para-la-comunidad","status":"publish","type":"post","link":"https:\/\/chacosintesis.com.ar\/index.php\/la-clotilde-celebro-un-nuevo-aniversario-con-la-inauguracion-de-multiples-obras-para-la-comunidad\/","title":{"rendered":"La Clotilde celebr\u00f3 un nuevo aniversario con la inauguraci\u00f3n de m\u00faltiples obras para la comunidad"},"content":{"rendered":"<div class=\"postie-post\">El gobernador llev\u00f3 adelante la presentaci\u00f3n de los trabajos ejecutados que permiten fortalecer la educaci\u00f3n, el deporte, la recreaci\u00f3n y la pr\u00e1ctica religiosa. Compartir Twittear Correo electr\u00f3nico Compartir<br \/>\nEl gobernador Jorge Capitanich encabez\u00f3 este lunes la inauguraci\u00f3n de obras claves en la localidad de La Clotilde, ciudad que celebra su 79\u00b0 aniversario este 4 de septiembre y que podr\u00e1 estrenar desde una cancha de f\u00fatbol con c\u00e9sped sint\u00e9tico, el play\u00f3n y boleter\u00edas de la terminal de \u00f3mnibus, la plaza \u201cPaseo de los Ni\u00f1os\u201d, la Parroquia \u201cSanta Clotilde\u201d y la ampliaci\u00f3n de la Escuela de Educaci\u00f3n Superior N\u00b0 173.<br \/>\n\u201cTodas estas obras forman parte de una agenda extraordinaria que hemos hecho aqu\u00ed. La Clotilde es ejemplo de una comunidad que crece al amparo de obras de infraestructura con efecto multiplicador en la generaci\u00f3n de empleo\u201d, manifest\u00f3 el gobernador durante una recorrida por la ciudad, y se\u00f1al\u00f3 que en ella \u201ctienen la universalizaci\u00f3n de los servicios de agua potable, pavimento urbano en toda la localidad, un registro civil de primera calidad, la comisar\u00eda hecha a nueva. Es el verdadero ejemplo de una comunidad\u201d.<br \/>\nAdem\u00e1s, coment\u00f3 que en La Clotilde funciona una cadena de elaboraci\u00f3n de ladrillos que permite la construcci\u00f3n autogenerada desde la misma comunidad: \u201cEso significa la generaci\u00f3n de mano de obra y empleos de buena calidad. Podemos hablar y evaluar el impacto que significa, y esto es parte de una inversi\u00f3n en infraestructura con obras que dinamizan la calidad. Es el modelo de gesti\u00f3n que queremos mostrar a la provincia\u201d.<br \/>\nPor otro lado, el gobernador adelant\u00f3 que en vistas a la fecha l\u00edmite para la inauguraci\u00f3n de obras del pr\u00f3ximo domingo, se tiene previsto seguir presentando trabajos hechos sobre 9 hospitales, centros de salud, m\u00e1s de 15 escuelas, pavimento urbano y dem\u00e1s. \u201cEsto es algo muy destacable\u201d, remarc\u00f3.<\/p>\n<p>Obras con crecimiento<br \/>\nDurante la ma\u00f1ana de hoy, el gobernador y el intendente de la localidad, Julio Gasko, comenzaron la agenda con la presentaci\u00f3n de la plaza \u201cPaseo de los Ni\u00f1os\u201d que consisti\u00f3 en la construcci\u00f3n de sector de recreaci\u00f3n infantil y esparcimiento familiar con sendas peatonales, iluminaci\u00f3n, bancos, juegos infantiles, mejoramiento del piso y la instalaci\u00f3n de un cartel.<br \/>\nPosteriormente, se inaugur\u00f3 la cancha de f\u00fatbol 7 de c\u00e9sped sint\u00e9tico, construida mediante un convenio del municipio con el Ministerio de Econom\u00eda, Planificaci\u00f3n e Infraestructura que consta de un terreno rectangular para partidos de f\u00fatbol con una superficie de 900m2, con piso de c\u00e9sped sint\u00e9tico, arcos met\u00e1licos, cerco perimetral con tejido y mamposter\u00eda, iluminaci\u00f3n, desag\u00fces, cerramiento laterales y superior con una red pl\u00e1stica.<br \/>\nEn la terminal de \u00f3mnibus, se ejecut\u00f3 un Play\u00f3n de 1.500m2 que permitir\u00e1 ingreso, maniobras y salida de las unidades de transporte hacia y desde la estaci\u00f3n de La Clotilde como as\u00ed tambi\u00e9n la instalaci\u00f3n de cielorraso de PVC suspendido y armadura met\u00e1lica en el techo met\u00e1lico, junto con el sector de boleter\u00edas.<br \/>\nTambi\u00e9n, se dej\u00f3 inaugurada la refacci\u00f3n y ampliaci\u00f3n de la Escuela de Educaci\u00f3n Superior N\u00b0 173 con una inversi\u00f3n de m\u00e1s de $17 millones para beneficios de 305 estudiantes. En el establecimiento se realiz\u00f3 la construcci\u00f3n de 2 aulas, n\u00facleo sanitario, galer\u00eda lateral y cerco perimetral para cerramiento lateral.<br \/>\nFinalmente, la parroquia \u201cSanta Clotilde\u201d inaugur\u00f3 la refacci\u00f3n integral de su edificio con la mejora integral de la estructura, colocaci\u00f3n de aberturas, instalaciones el\u00e9ctricas junto a aires acondicionados, iluminaci\u00f3n integral, ba\u00f1os y ampliaci\u00f3n de distintas \u00e1reas.<br \/>\n\u201cEs un d\u00eda muy especial para nuestra localidad, inaugurando hermosas obras. Le quiero decir al pueblo que en esta gesti\u00f3n del gobernador nos han dado 100 cuadras de pavimento, por eso agradecemos su presencia, y que el pueblo le d\u00e9 la oportunidad de gobernar 4 a\u00f1os m\u00e1s para seguir creciendo en Chaco\u201d, manifest\u00f3 el intendente Gasko.<\/p><\/div>\n","protected":false},"excerpt":{"rendered":"<p>El gobernador llev\u00f3 adelante la presentaci\u00f3n de los trabajos ejecutados que permiten fortalecer la educaci\u00f3n, el deporte, la recreaci\u00f3n y la pr\u00e1ctica religiosa. Compartir Twittear Correo electr\u00f3nico Compartir El gobernador Jorge Capitanich encabez\u00f3 este lunes la inauguraci\u00f3n de obras claves en la localidad de La Clotilde, ciudad que celebra su 79\u00b0 aniversario este 4 de [&hellip;]<\/p>\n","protected":false},"author":1,"featured_media":26296,"comment_status":"closed","ping_status":"closed","sticky":false,"template":"","format":"standard","meta":{"footnotes":""},"categories":[6],"tags":[],"class_list":{"0":"post-26295","1":"post","2":"type-post","3":"status-publish","4":"format-standard","5":"has-post-thumbnail","7":"category-chaco"},"_links":{"self":[{"href":"https:\/\/chacosintesis.com.ar\/index.php\/wp-json\/wp\/v2\/posts\/26295","targetHints":{"allow":["GET"]}}],"collection":[{"href":"https:\/\/chacosintesis.com.ar\/index.php\/wp-json\/wp\/v2\/posts"}],"about":[{"href":"https:\/\/chacosintesis.com.ar\/index.php\/wp-json\/wp\/v2\/types\/post"}],"author":[{"embeddable":true,"href":"https:\/\/chacosintesis.com.ar\/index.php\/wp-json\/wp\/v2\/users\/1"}],"replies":[{"embeddable":true,"href":"https:\/\/chacosintesis.com.ar\/index.php\/wp-json\/wp\/v2\/comments?post=26295"}],"version-history":[{"count":0,"href":"https:\/\/chacosintesis.com.ar\/index.php\/wp-json\/wp\/v2\/posts\/26295\/revisions"}],"wp:featuredmedia":[{"embeddable":true,"href":"https:\/\/chacosintesis.com.ar\/index.php\/wp-json\/wp\/v2\/media\/26296"}],"wp:attachment":[{"href":"https:\/\/chacosintesis.com.ar\/index.php\/wp-json\/wp\/v2\/media?parent=26295"}],"wp:term":[{"taxonomy":"category","embeddable":true,"href":"https:\/\/chacosintesis.com.ar\/index.php\/wp-json\/wp\/v2\/categories?post=26295"},{"taxonomy":"post_tag","embeddable":true,"href":"https:\/\/chacosintesis.com.ar\/index.php\/wp-json\/wp\/v2\/tags?post=26295"}],"curies":[{"name":"wp","href":"https:\/\/api.w.org\/{rel}","templated":true}]}}