{"id":26293,"date":"2023-09-04T19:37:46","date_gmt":"2023-09-04T22:37:46","guid":{"rendered":"https:\/\/chacosintesis.com.ar\/?p=26293"},"modified":"2023-09-04T20:07:00","modified_gmt":"2023-09-04T23:07:00","slug":"el-viernes-8-inicia-el-pago-a-los-programas-especiales-provinciales","status":"publish","type":"post","link":"https:\/\/chacosintesis.com.ar\/index.php\/el-viernes-8-inicia-el-pago-a-los-programas-especiales-provinciales\/","title":{"rendered":"El viernes 8 inicia el pago a los programas especiales provinciales"},"content":{"rendered":"<div class=\"postie-post\">Inicia con el Programa Expertos y sigue con Inclusi\u00f3n y Renta M\u00ednima Progresiva, Servicio de Mantenimiento de Establecimientos Escolares, becas del Instituto del Deporte y contratos de Cultura.<br \/>\nEl Ministerio de Planificaci\u00f3n, Econom\u00eda e Infraestructura inform\u00f3 el cronograma de pagos de programas provinciales, que, como es habitual, comenzar\u00e1 con las y los beneficiarios del programa Expertos del Ministerio de Salud P\u00fablica, que cobrar\u00e1n el pr\u00f3ximo viernes 8. El cronograma continuar\u00e1 el lunes 11 con las y los beneficiarios del programa M\u00e1s Inclusi\u00f3n del Ministerio de Desarrollo Social.<br \/>\nEn tanto, Renta M\u00ednima Progresiva, tambi\u00e9n de la cartera Social, se abonar\u00e1 en dos d\u00edas ya que, como es habitual por terminaci\u00f3n de DNI. El pr\u00f3ximo martes 12 cobrar\u00e1n las personas beneficiarias con documentos terminados en 0, 1, 2, 3 y 4. Posteriormente, el mi\u00e9rcoles 13, lo har\u00e1n quienes tengan DNI terminados en 5, 6, 7, 8 y 9.<br \/>\nAdem\u00e1s el martes 12 ser\u00e1 el turno de beneficiarias y beneficiarios del Servicio de Mantenimiento de Establecimientos Educativos del Ministerio de Educaci\u00f3n chaque\u00f1o. En tanto, el pr\u00f3ximo jueves 14 cobrar\u00e1n las y los becarios del Instituto del Deporte y contratadas y contratados del Instituto de Cultura.<br \/>\nAsimismo, el pasado mi\u00e9rcoles 30 de agosto, junto con las y los trabajadores activos, se pagaron las Guardias y cobraron los Residentes, dependientes del Ministerio de Salud P\u00fablica de la provincia.<br \/>\nLos salarios se depositar\u00e1n en las cuentas del Nuevo Banco del Chaco (NBCh), por lo que la cartera econ\u00f3mica recuerda que los fondos estar\u00e1n disponibles a trav\u00e9s de todos los canales electr\u00f3nicos de la entidad financiera.<br \/>\nCronograma<br \/>\nPrograma Expertos: viernes 8 de septiembre<br \/>\nM\u00e1s inclusi\u00f3n: lunes 11 de septiembre<br \/>\nRenta M\u00ednima Progresiva: martes 12 de septiembre (DNI terminados en 0, 1, 2, 3 y 4); mi\u00e9rcoles 13 de septiembre (DNI terminados en 5, 6, 7, 8 y 9).<br \/>\nServicio de Mantenimiento de Establecimientos Educativos: martes 12 de septiembre<br \/>\nBecas Instituto del Deporte: jueves 14 de septiembre<br \/>\nBecas Instituto de Cultura: jueves 14 de septiembre<\/div>\n","protected":false},"excerpt":{"rendered":"<p>Inicia con el Programa Expertos y sigue con Inclusi\u00f3n y Renta M\u00ednima Progresiva, Servicio de Mantenimiento de Establecimientos Escolares, becas del Instituto del Deporte y contratos de Cultura. El Ministerio de Planificaci\u00f3n, Econom\u00eda e Infraestructura inform\u00f3 el cronograma de pagos de programas provinciales, que, como es habitual, comenzar\u00e1 con las y los beneficiarios del programa [&hellip;]<\/p>\n","protected":false},"author":1,"featured_media":26294,"comment_status":"closed","ping_status":"closed","sticky":false,"template":"","format":"standard","meta":{"footnotes":""},"categories":[6],"tags":[],"class_list":{"0":"post-26293","1":"post","2":"type-post","3":"status-publish","4":"format-standard","5":"has-post-thumbnail","7":"category-chaco"},"_links":{"self":[{"href":"https:\/\/chacosintesis.com.ar\/index.php\/wp-json\/wp\/v2\/posts\/26293","targetHints":{"allow":["GET"]}}],"collection":[{"href":"https:\/\/chacosintesis.com.ar\/index.php\/wp-json\/wp\/v2\/posts"}],"about":[{"href":"https:\/\/chacosintesis.com.ar\/index.php\/wp-json\/wp\/v2\/types\/post"}],"author":[{"embeddable":true,"href":"https:\/\/chacosintesis.com.ar\/index.php\/wp-json\/wp\/v2\/users\/1"}],"replies":[{"embeddable":true,"href":"https:\/\/chacosintesis.com.ar\/index.php\/wp-json\/wp\/v2\/comments?post=26293"}],"version-history":[{"count":0,"href":"https:\/\/chacosintesis.com.ar\/index.php\/wp-json\/wp\/v2\/posts\/26293\/revisions"}],"wp:featuredmedia":[{"embeddable":true,"href":"https:\/\/chacosintesis.com.ar\/index.php\/wp-json\/wp\/v2\/media\/26294"}],"wp:attachment":[{"href":"https:\/\/chacosintesis.com.ar\/index.php\/wp-json\/wp\/v2\/media?parent=26293"}],"wp:term":[{"taxonomy":"category","embeddable":true,"href":"https:\/\/chacosintesis.com.ar\/index.php\/wp-json\/wp\/v2\/categories?post=26293"},{"taxonomy":"post_tag","embeddable":true,"href":"https:\/\/chacosintesis.com.ar\/index.php\/wp-json\/wp\/v2\/tags?post=26293"}],"curies":[{"name":"wp","href":"https:\/\/api.w.org\/{rel}","templated":true}]}}