{"id":26289,"date":"2023-09-04T19:33:18","date_gmt":"2023-09-04T22:33:18","guid":{"rendered":"https:\/\/chacosintesis.com.ar\/?p=26289"},"modified":"2023-09-04T19:37:10","modified_gmt":"2023-09-04T22:37:10","slug":"causa-strzyzowski-derechos-humanos-presento-rechazo-a-la-recomendacion-de-comunicacion-entre-los-imputados","status":"publish","type":"post","link":"https:\/\/chacosintesis.com.ar\/index.php\/causa-strzyzowski-derechos-humanos-presento-rechazo-a-la-recomendacion-de-comunicacion-entre-los-imputados\/","title":{"rendered":"Causa Strzyzowski: Derechos Humanos present\u00f3 rechazo a la recomendaci\u00f3n de comunicaci\u00f3n entre los imputados"},"content":{"rendered":"<div class=\"postie-post\">Nahir Barud, la abogada de la Secretar\u00eda, que oficia como querellante, explic\u00f3 que la negativa responde a evitar cualquier entorpecimiento de la investigaci\u00f3n. \u201cEsto podr\u00eda generar una nueva serie de hechos delictivos en relaci\u00f3n a estas personas, por eso nos oponemos\u201d, dijo.<br \/>\nLa Secretar\u00eda de Derechos Humanos y G\u00e9neros, querellante en la causa Strzyzowski, present\u00f3 este lunes el rechazo a la recomendaci\u00f3n en cuanto a un pedido para habilitar la comunicaci\u00f3n de los imputados.<br \/>\nEste lunes, en conferencia de prensa y acompa\u00f1ada por el vocero oficial Juan Manuel Chapo, la abogada Nahir Barud dio detalles acerca de la presentaci\u00f3n realizada en conjunto con Gustavo Briend, letrado de la familia de Cecilia.<br \/>\n\u201cExpresamos nuestra negativa a la medida sugerida de permitir la comunicaci\u00f3n entre Emerenciano Sena, Marcela Acu\u00f1a y C\u00e9sar Sena porque entendemos que eso podr\u00eda entorpecer la investigaci\u00f3n\u201d, explic\u00f3.<br \/>\n\u201cAdem\u00e1s, habilitar la comunicaci\u00f3n entre los imputados, a tan poco de lo que estar\u00eda faltando para el requerimiento de elevaci\u00f3n a juicio, podr\u00eda generar una nueva serie de hechos delictivos en relaci\u00f3n con estas tres personas\u201d, enfatiz\u00f3 la abogada de Derechos Humanos y G\u00e9neros.<br \/>\nBarud se\u00f1al\u00f3 que en caso de que el Equipo Fiscal Especial que interviene en el expediente habilitase el pedido en favor de los Sena, en conjunto con Briend, Derechos Humanos volver\u00e1 a expresarse en oposici\u00f3n.<br \/>\nLa abogada se\u00f1al\u00f3 que el rechazo a la comunicaci\u00f3n entre los imputados se basa tambi\u00e9n en que ha quedado demostrado a lo largo del expediente el nivel de organizaci\u00f3n que han tenido para obstaculizar la investigaci\u00f3n.<br \/>\nLa sugerencia para habilitar la comunicaci\u00f3n fue realizada d\u00edas atr\u00e1s por el Comit\u00e9 de Prevenci\u00f3n de la Tortura y Otros Tratos y Penas Crueles e Inhumanas y\/o Degradantes, organismo que no funciona bajo la \u00f3rbita ni responde al Poder Ejecutivo.<br \/>\n\u201cEs un ente que se cre\u00f3 hace m\u00e1s de diez a\u00f1os y no depende de ninguno de los tres poderes del Estado; hay que tener en cuenta que los autores de la Ley 1798-B, que es la que pone en funcionamiento al Comit\u00e9, fue impulsada por los entonces diputados (Alicia) Terada y (Carlos Mart\u00ednez)\u201d, apunt\u00f3 Barud, quien destac\u00f3 que quienes conforman el cuerpo directivo de este organismo han ingresado por concurso y provienen de distintos sectores y partidos pol\u00edticos.<\/p>\n<p>Repudio al ataque al PJ y al ICCTI<\/p>\n<p>Por otra parte, el vocero oficial expres\u00f3 el repudio y rechazo del gobierno a los ataques perpetrados el domingo contra la sede del Partido Justicialista en Resistencia y el Instituto Chaque\u00f1o de Ciencia, Tecnolog\u00eda e Innovaci\u00f3n (ICCTI).<br \/>\n\u201cSe trata de un hecho grave como no se ve\u00eda desde hace mucho tiempo porque fueron blanco una entidad p\u00fablica, que es de todos los chaque\u00f1os y chaque\u00f1as, y una instituci\u00f3n de la democracia como lo es un partido pol\u00edtico\u201d, remarc\u00f3 el portavoz.<\/p>\n<p>Agenda oficial<\/p>\n<p>Chapo tambi\u00e9n dio a conocer cu\u00e1l ser\u00e1 la agenda del gobernador Jorge Capitanich este martes y que incluye distintas actividades.<br \/>\n\u201cEn el centro de convenciones Gala, el mandatario realizar\u00e1 anuncios vinculados con el loteo y construcci\u00f3n de viviendas que ser\u00e1n adjudicadas a diferentes sectores de la comunidad; mientras que, en el marco del D\u00eda Internacional de la Mujer Ind\u00edgena, har\u00e1 entrega, a agentes de las comunidades, de kits sanitarios y otros elementos\u201d, finaliz\u00f3.<\/p><\/div>\n","protected":false},"excerpt":{"rendered":"<p>Nahir Barud, la abogada de la Secretar\u00eda, que oficia como querellante, explic\u00f3 que la negativa responde a evitar cualquier entorpecimiento de la investigaci\u00f3n. \u201cEsto podr\u00eda generar una nueva serie de hechos delictivos en relaci\u00f3n a estas personas, por eso nos oponemos\u201d, dijo. La Secretar\u00eda de Derechos Humanos y G\u00e9neros, querellante en la causa Strzyzowski, present\u00f3 [&hellip;]<\/p>\n","protected":false},"author":1,"featured_media":26290,"comment_status":"closed","ping_status":"closed","sticky":false,"template":"","format":"standard","meta":{"footnotes":""},"categories":[6],"tags":[],"class_list":{"0":"post-26289","1":"post","2":"type-post","3":"status-publish","4":"format-standard","5":"has-post-thumbnail","7":"category-chaco"},"_links":{"self":[{"href":"https:\/\/chacosintesis.com.ar\/index.php\/wp-json\/wp\/v2\/posts\/26289","targetHints":{"allow":["GET"]}}],"collection":[{"href":"https:\/\/chacosintesis.com.ar\/index.php\/wp-json\/wp\/v2\/posts"}],"about":[{"href":"https:\/\/chacosintesis.com.ar\/index.php\/wp-json\/wp\/v2\/types\/post"}],"author":[{"embeddable":true,"href":"https:\/\/chacosintesis.com.ar\/index.php\/wp-json\/wp\/v2\/users\/1"}],"replies":[{"embeddable":true,"href":"https:\/\/chacosintesis.com.ar\/index.php\/wp-json\/wp\/v2\/comments?post=26289"}],"version-history":[{"count":0,"href":"https:\/\/chacosintesis.com.ar\/index.php\/wp-json\/wp\/v2\/posts\/26289\/revisions"}],"wp:featuredmedia":[{"embeddable":true,"href":"https:\/\/chacosintesis.com.ar\/index.php\/wp-json\/wp\/v2\/media\/26290"}],"wp:attachment":[{"href":"https:\/\/chacosintesis.com.ar\/index.php\/wp-json\/wp\/v2\/media?parent=26289"}],"wp:term":[{"taxonomy":"category","embeddable":true,"href":"https:\/\/chacosintesis.com.ar\/index.php\/wp-json\/wp\/v2\/categories?post=26289"},{"taxonomy":"post_tag","embeddable":true,"href":"https:\/\/chacosintesis.com.ar\/index.php\/wp-json\/wp\/v2\/tags?post=26289"}],"curies":[{"name":"wp","href":"https:\/\/api.w.org\/{rel}","templated":true}]}}