{"id":26287,"date":"2023-09-04T19:32:01","date_gmt":"2023-09-04T22:32:01","guid":{"rendered":"https:\/\/chacosintesis.com.ar\/?p=26287"},"modified":"2023-09-04T19:37:05","modified_gmt":"2023-09-04T22:37:05","slug":"vecinos-y-vecinas-de-la-zona-centrica-de-resistencia-se-reunieron-con-capitanich","status":"publish","type":"post","link":"https:\/\/chacosintesis.com.ar\/index.php\/vecinos-y-vecinas-de-la-zona-centrica-de-resistencia-se-reunieron-con-capitanich\/","title":{"rendered":"Vecinos y vecinas de la zona c\u00e9ntrica de Resistencia se reunieron con Capitanich"},"content":{"rendered":"<div class=\"postie-post\">&#8220;Tuvimos un gran intercambio de ideas, escuchamos atentamente sus demandas y vamos a seguir trabajando juntos en acciones que mejoren a los barrios&#8221;, coment\u00f3 el gobernador.<br \/>\nEl gobernador Jorge Capitanich realiz\u00f3 este domingo la reuni\u00f3n n\u00famero 158 de la agenda de escucha activa junto a vecinos y vecinas de Resistencia. En la oportunidad convers\u00f3 con quienes viven en la zona c\u00e9ntrica de la ciudad.<br \/>\nEl di\u00e1logo fue sobre las mejoras que necesitan y las propuestas que puede llevar adelante el Gobierno provincial en pol\u00edticas p\u00fablicas garantizando m\u00e1s seguridad y m\u00e1s oportunidades para todos y todas.<br \/>\n&#8220;Tuvimos un gran intercambio de ideas, escuchamos atentamente sus demandas y vamos a seguir trabajando juntos en acciones que mejoren a los barrios&#8221;, coment\u00f3 el gobernador.<br \/>\nEl vecino Juan Maro expres\u00f3 su conformidad con este tipo de reuniones: &#8220;Lo qu\u00e9 m\u00e1s nos preocupa es la seguridad y la econom\u00eda pero conf\u00edo en lo que nos dijo el gobernador, necesitamos darnos una nueva oportunidad&#8221;, manifest\u00f3.<br \/>\nPor su parte, Amalia Cisneros coment\u00f3 que los vecinos de la zona c\u00e9ntrica se reunieron con el gobernador para expresar el deseo de participaci\u00f3n ciudadana y discutir temas de seguridad, econom\u00eda, futuro de la provincia y valoraci\u00f3n de lo realizado en las tres gestiones como gobernador y los cuatro a\u00f1os como intendente. &#8220;Valoramos enormemente el desarrollo que tuvo la provincia con este gobierno&#8221;, asegur\u00f3.<br \/>\nEn julio pasado se puso en marcha el Plan de Infraestructura para barrios de Resistencia, que contempla la ejecuci\u00f3n de 94 cuadras de pavimento en este a\u00f1o, 500 cuadras de ripio y la colocaci\u00f3n de 4.000 artefactos LED para iluminaci\u00f3n, todo esto, en 108 barrios de la capital chaque\u00f1a.<\/div>\n","protected":false},"excerpt":{"rendered":"<p>&#8220;Tuvimos un gran intercambio de ideas, escuchamos atentamente sus demandas y vamos a seguir trabajando juntos en acciones que mejoren a los barrios&#8221;, coment\u00f3 el gobernador. El gobernador Jorge Capitanich realiz\u00f3 este domingo la reuni\u00f3n n\u00famero 158 de la agenda de escucha activa junto a vecinos y vecinas de Resistencia. En la oportunidad convers\u00f3 con [&hellip;]<\/p>\n","protected":false},"author":1,"featured_media":26288,"comment_status":"closed","ping_status":"closed","sticky":false,"template":"","format":"standard","meta":{"footnotes":""},"categories":[6],"tags":[],"class_list":{"0":"post-26287","1":"post","2":"type-post","3":"status-publish","4":"format-standard","5":"has-post-thumbnail","7":"category-chaco"},"_links":{"self":[{"href":"https:\/\/chacosintesis.com.ar\/index.php\/wp-json\/wp\/v2\/posts\/26287","targetHints":{"allow":["GET"]}}],"collection":[{"href":"https:\/\/chacosintesis.com.ar\/index.php\/wp-json\/wp\/v2\/posts"}],"about":[{"href":"https:\/\/chacosintesis.com.ar\/index.php\/wp-json\/wp\/v2\/types\/post"}],"author":[{"embeddable":true,"href":"https:\/\/chacosintesis.com.ar\/index.php\/wp-json\/wp\/v2\/users\/1"}],"replies":[{"embeddable":true,"href":"https:\/\/chacosintesis.com.ar\/index.php\/wp-json\/wp\/v2\/comments?post=26287"}],"version-history":[{"count":0,"href":"https:\/\/chacosintesis.com.ar\/index.php\/wp-json\/wp\/v2\/posts\/26287\/revisions"}],"wp:featuredmedia":[{"embeddable":true,"href":"https:\/\/chacosintesis.com.ar\/index.php\/wp-json\/wp\/v2\/media\/26288"}],"wp:attachment":[{"href":"https:\/\/chacosintesis.com.ar\/index.php\/wp-json\/wp\/v2\/media?parent=26287"}],"wp:term":[{"taxonomy":"category","embeddable":true,"href":"https:\/\/chacosintesis.com.ar\/index.php\/wp-json\/wp\/v2\/categories?post=26287"},{"taxonomy":"post_tag","embeddable":true,"href":"https:\/\/chacosintesis.com.ar\/index.php\/wp-json\/wp\/v2\/tags?post=26287"}],"curies":[{"name":"wp","href":"https:\/\/api.w.org\/{rel}","templated":true}]}}