{"id":262869,"date":"2026-09-06T08:03:35","date_gmt":"2026-09-06T11:03:35","guid":{"rendered":"https:\/\/chacosintesis.com.ar\/index.php\/saenz-pena-detuvieron-a-un-hombre-con-prendas-de-vestir-sustraidas-de-un-domicilio\/"},"modified":"2026-09-06T08:03:36","modified_gmt":"2026-09-06T11:03:36","slug":"saenz-pena-detuvieron-a-un-hombre-con-prendas-de-vestir-sustraidas-de-un-domicilio","status":"publish","type":"post","link":"https:\/\/chacosintesis.com.ar\/index.php\/saenz-pena-detuvieron-a-un-hombre-con-prendas-de-vestir-sustraidas-de-un-domicilio\/","title":{"rendered":"S\u00c1ENZ PE\u00d1A: Detuvieron A Un Hombre Con Prendas De Vestir Sustra\u00eddas De Un Domicilio"},"content":{"rendered":"<p><img decoding=\"async\" src=\"\"><\/p>\n<div id=\"post-383045\">\n<p><\/p>\n<div class=\"single-post-image\">\n<figure><\/figure>\n<\/p><\/div>\n<p><!-- .single-post-image --><br \/>\n\t\t<!-- .entry-header --><\/p>\n<div class=\"entry-content\">\n<p>Alrededor de las 17:20, los agentes tomaron conocimiento que en un domicilio del barrio Yapey\u00f9, un sujeto se llev\u00f3 varias prendas de vestir.<\/p>\n<p>Ante ello, iniciaron un rastrillaje, y tras circular por inmediaciones de calle 17 y 34 del barrio Gin\u00e9s Ben\u00edtez, avistaron a un sujeto quien llevaba varios elementos. All\u00ed, lo identificaron siendo un hombre de 40 a\u00f1os, quien llevaba tres pantalones de jean de dama y una calza de licra negra. Elementos que fueron reconocidas por la damnificada.<\/p>\n<p>Finalmente, el demorado y los elementos secuestrados fueron trasladados a la Comisar\u00eda Cuarta por razones de jurisdicci\u00f3n, donde contin\u00faan con las diligencias de rigor.<\/p>\n<div class=\"heateor_sss_sharing_container heateor_sss_horizontal_sharing\" data-heateor-sss-href=\"https:\/\/www.noticiasdelparana.com.ar\/NuevaEdicion\/2026\/09\/05\/saenz-pena-detuvieron-a-un-hombre-con-prendas-de-vestir-sustraidas-de-un-domicilio\/\">\n<p>Compart\u00ed esta nota en tus redes sociales&#8230;<\/p>\n<\/div><\/div>\n<p><!-- .entry-content --><\/p>\n<p>\t<!-- .entry-footer -->\n<\/div>\n<\/p>\n<p><strong>Seguinos para m\u00e1s informaci\u00f3n actualizada.<\/strong><\/p>\n","protected":false},"excerpt":{"rendered":"<p>Alrededor de las 17:20, los agentes tomaron conocimiento que en un domicilio del barrio Yapey\u00f9, un sujeto se llev\u00f3 varias prendas de vestir. Ante ello, iniciaron un rastrillaje, y tras circular por inmediaciones de calle 17 y 34 del barrio Gin\u00e9s Ben\u00edtez, avistaron a un sujeto quien llevaba varios elementos. All\u00ed, lo identificaron siendo un [&hellip;]<\/p>\n","protected":false},"author":1,"featured_media":262870,"comment_status":"closed","ping_status":"","sticky":false,"template":"","format":"standard","meta":{"footnotes":""},"categories":[5],"tags":[],"class_list":["post-262869","post","type-post","status-publish","format-standard","has-post-thumbnail","category-policiales"],"_links":{"self":[{"href":"https:\/\/chacosintesis.com.ar\/index.php\/wp-json\/wp\/v2\/posts\/262869","targetHints":{"allow":["GET"]}}],"collection":[{"href":"https:\/\/chacosintesis.com.ar\/index.php\/wp-json\/wp\/v2\/posts"}],"about":[{"href":"https:\/\/chacosintesis.com.ar\/index.php\/wp-json\/wp\/v2\/types\/post"}],"author":[{"embeddable":true,"href":"https:\/\/chacosintesis.com.ar\/index.php\/wp-json\/wp\/v2\/users\/1"}],"replies":[{"embeddable":true,"href":"https:\/\/chacosintesis.com.ar\/index.php\/wp-json\/wp\/v2\/comments?post=262869"}],"version-history":[{"count":1,"href":"https:\/\/chacosintesis.com.ar\/index.php\/wp-json\/wp\/v2\/posts\/262869\/revisions"}],"predecessor-version":[{"id":262871,"href":"https:\/\/chacosintesis.com.ar\/index.php\/wp-json\/wp\/v2\/posts\/262869\/revisions\/262871"}],"wp:featuredmedia":[{"embeddable":true,"href":"https:\/\/chacosintesis.com.ar\/index.php\/wp-json\/wp\/v2\/media\/262870"}],"wp:attachment":[{"href":"https:\/\/chacosintesis.com.ar\/index.php\/wp-json\/wp\/v2\/media?parent=262869"}],"wp:term":[{"taxonomy":"category","embeddable":true,"href":"https:\/\/chacosintesis.com.ar\/index.php\/wp-json\/wp\/v2\/categories?post=262869"},{"taxonomy":"post_tag","embeddable":true,"href":"https:\/\/chacosintesis.com.ar\/index.php\/wp-json\/wp\/v2\/tags?post=262869"}],"curies":[{"name":"wp","href":"https:\/\/api.w.org\/{rel}","templated":true}]}}