{"id":262795,"date":"2026-09-05T20:10:00","date_gmt":"2026-09-05T23:10:00","guid":{"rendered":"https:\/\/chacosintesis.com.ar\/index.php\/murio-ricardo-oveja-stec-historico-integrante-de-los-palmeras_a6a9c2205a03819e6130803f2\/"},"modified":"2026-09-05T20:10:00","modified_gmt":"2026-09-05T23:10:00","slug":"murio-ricardo-oveja-stec-historico-integrante-de-los-palmeras_a6a9c2205a03819e6130803f2","status":"publish","type":"post","link":"https:\/\/chacosintesis.com.ar\/index.php\/murio-ricardo-oveja-stec-historico-integrante-de-los-palmeras_a6a9c2205a03819e6130803f2\/","title":{"rendered":"Muri\u00f3 Ricardo \u201cOveja\u201d Stec, hist\u00f3rico integrante de Los Palmeras"},"content":{"rendered":"<p><\/p>\n<div itemprop=\"articleBody\">\n<p><strong>Buenos Aires, 5 septiembre (NA) &#8212; Ricardo \u201cOveja\u201d Stec<\/strong>, hist\u00f3rico <strong>percusionista de Los Palmeras<\/strong> que integr\u00f3 la reconocida banda de cumbia santafesina <strong>entre 1988 y 1992 <\/strong>y particip\u00f3 de <strong>una de sus etapas de mayor producci\u00f3n discogr\u00e1fica, muri\u00f3 <\/strong>el mi\u00e9rcoles 2 de septiembre y la noticia fue confirmada este s\u00e1bado por la propia agrupaci\u00f3n.<\/p>\n<figure class=\"multimedia\" data-tadevel-template=\"web\/multimedia\" data-type=\"photo\">\n<div class=\"content\">\n<div class=\"sizer\" data-sizer=\"aspect-ratio\" data-tadevel-template=\"web\/aspect-ratio\" style=\"--aspect-ratio:162.28209191759112%;\"><picture data-tadevel-template=\"web\/picture\"><source   type=\"image\/avif\"><source   type=\"image\/webp\"><source   type=\"image\/jpeg\"><img alt=\"Muri\u00f3 Ricardo \u201cOveja\u201d Stec, hist\u00f3rico integrante de Los Palmeras\" loading=\"lazy\" style=\"object-position:center;\"\/><x-picture-helper\/><\/source><\/source><\/source><\/picture><\/div>\n<\/div>\n<\/figure>\n<p>\u201c<strong>Hoy nos toca despedir otro de nuestros hist\u00f3ricos miembros. Gracias por tantos momentos compartidos y toda tu m\u00fasica. Que en paz descanses querido amigo Ricardo \u2018Oveja\u2019 Stec<\/strong>\u201d, expres\u00f3 la banda en sus cuentas oficiales, junto a im\u00e1genes y videos in\u00e9ditos del m\u00fasico durante sus presentaciones con el conjunto.<\/p>\n<p><tadevel-ad  class=\"block-4d\" slot-id=\"article-inline-01\"\/><\/p>\n<p>Stec se desempe\u00f1\u00f3 como tumbadorista y <strong>durante sus cuatro a\u00f1os en Los Palmeras comparti\u00f3 escenario con Rub\u00e9n \u201cCacho\u201d Deicas, Marcos Camino y Jos\u00e9 Mar\u00eda Roa.<\/strong> Adem\u00e1s, particip\u00f3 en la grabaci\u00f3n de los discos <i>Loquito por ti<\/i> (1988), <i>Sus amigos<\/i> (1989), <i>Rumor de cumbia<\/i> (1990), <i>Chiquita pero buena<\/i> (1990) y <i>Boquita azucarada<\/i> (1991).<\/p>\n<p>Tras su salida de Los Palmeras, el artista continu\u00f3 ligado a la m\u00fasica y form\u00f3 parte de distintos proyectos vinculados a la cumbia santafesina. Su paso por la banda tuvo lugar durante una etapa de consolidaci\u00f3n del conjunto, que en esa instancia, ampli\u00f3 su producci\u00f3n discogr\u00e1fica y fortaleci\u00f3 su presencia dentro de la escena tropical argentina.<\/p>\n<p>Adem\u00e1s, el m\u00fasico volvi\u00f3 a compartir escenario con sus antiguos compa\u00f1eros en 1992, cuando Los Palmeras celebraron sus 20 a\u00f1os de trayectoria. Su paso por la agrupaci\u00f3n qued\u00f3 registrado tambi\u00e9n en distintos videos de presentaciones de finales de los 80 y comienzos de los 90.<\/p>\n<p><tadevel-ad  class=\"block-4d\" slot-id=\"article-inline-02\"\/><\/p>\n<p>Agencia NA<\/p>\n<\/div>\n<p><img decoding=\"async\" src=\"https:\/\/chacosintesis.com.ar\/wp-content\/uploads\/2026\/09\/Murio-Ricardo-Oveja-Stec-historico-integrante-de-Los-Palmeras.jpeg\"><\/p>\n<p>Noticias Argentinas<\/p>\n","protected":false},"excerpt":{"rendered":"<p>Buenos Aires, 5 septiembre (NA) &#8212; Ricardo \u201cOveja\u201d Stec, hist\u00f3rico percusionista de Los Palmeras que integr\u00f3 la reconocida banda de cumbia santafesina entre 1988 y 1992 y particip\u00f3 de una de sus etapas de mayor producci\u00f3n discogr\u00e1fica, muri\u00f3 el mi\u00e9rcoles 2 de septiembre y la noticia fue confirmada este s\u00e1bado por la propia agrupaci\u00f3n. \u201cHoy [&hellip;]<\/p>\n","protected":false},"author":1,"featured_media":262796,"comment_status":"closed","ping_status":"","sticky":false,"template":"","format":"standard","meta":{"footnotes":""},"categories":[188],"tags":[],"class_list":["post-262795","post","type-post","status-publish","format-standard","has-post-thumbnail","category-farandula"],"_links":{"self":[{"href":"https:\/\/chacosintesis.com.ar\/index.php\/wp-json\/wp\/v2\/posts\/262795","targetHints":{"allow":["GET"]}}],"collection":[{"href":"https:\/\/chacosintesis.com.ar\/index.php\/wp-json\/wp\/v2\/posts"}],"about":[{"href":"https:\/\/chacosintesis.com.ar\/index.php\/wp-json\/wp\/v2\/types\/post"}],"author":[{"embeddable":true,"href":"https:\/\/chacosintesis.com.ar\/index.php\/wp-json\/wp\/v2\/users\/1"}],"replies":[{"embeddable":true,"href":"https:\/\/chacosintesis.com.ar\/index.php\/wp-json\/wp\/v2\/comments?post=262795"}],"version-history":[{"count":0,"href":"https:\/\/chacosintesis.com.ar\/index.php\/wp-json\/wp\/v2\/posts\/262795\/revisions"}],"wp:featuredmedia":[{"embeddable":true,"href":"https:\/\/chacosintesis.com.ar\/index.php\/wp-json\/wp\/v2\/media\/262796"}],"wp:attachment":[{"href":"https:\/\/chacosintesis.com.ar\/index.php\/wp-json\/wp\/v2\/media?parent=262795"}],"wp:term":[{"taxonomy":"category","embeddable":true,"href":"https:\/\/chacosintesis.com.ar\/index.php\/wp-json\/wp\/v2\/categories?post=262795"},{"taxonomy":"post_tag","embeddable":true,"href":"https:\/\/chacosintesis.com.ar\/index.php\/wp-json\/wp\/v2\/tags?post=262795"}],"curies":[{"name":"wp","href":"https:\/\/api.w.org\/{rel}","templated":true}]}}