{"id":262792,"date":"2026-09-05T20:08:58","date_gmt":"2026-09-05T23:08:58","guid":{"rendered":"https:\/\/chacosintesis.com.ar\/index.php\/resistencia-insultaron-al-plantel-rompieron-vidrios-y-terminaron-detenidos-en-el-club-sarmiento\/"},"modified":"2026-09-05T20:09:00","modified_gmt":"2026-09-05T23:09:00","slug":"resistencia-insultaron-al-plantel-rompieron-vidrios-y-terminaron-detenidos-en-el-club-sarmiento","status":"publish","type":"post","link":"https:\/\/chacosintesis.com.ar\/index.php\/resistencia-insultaron-al-plantel-rompieron-vidrios-y-terminaron-detenidos-en-el-club-sarmiento\/","title":{"rendered":"RESISTENCIA: Insultaron Al Plantel, Rompieron Vidrios Y Terminaron Detenidos En El Club Sarmiento"},"content":{"rendered":"<p><img decoding=\"async\" src=\"\"><\/p>\n<div id=\"post-383040\">\n<p><\/p>\n<div class=\"single-post-image\">\n<figure><\/figure>\n<\/p><\/div>\n<p><!-- .single-post-image --><br \/>\n\t\t<!-- .entry-header --><\/p>\n<div class=\"entry-content\">\n<p>Finalmente, por disposici\u00f3n de la fiscal\u00eda en turno, ambos sujetos de 23 y 24 a\u00f1os fueron trasladados a la Comisar\u00eda Und\u00e9cima por motivos de jurisdicci\u00f3n donde se notific\u00f3 su aprehensi\u00f3n en una causa por \u201cSupuestos Da\u00f1os\u201d.<\/p>\n<div class=\"heateor_sss_sharing_container heateor_sss_horizontal_sharing\" data-heateor-sss-href=\"https:\/\/www.noticiasdelparana.com.ar\/NuevaEdicion\/2026\/09\/05\/resistencia-insultaron-al-plantel-rompieron-vidrios-y-terminaron-detenidos-en-el-club-sarmiento\/\">\n<p>Compart\u00ed esta nota en tus redes sociales&#8230;<\/p>\n<\/div><\/div>\n<p><!-- .entry-content --><\/p>\n<p>\t<!-- .entry-footer -->\n<\/div>\n<\/p>\n<p><strong>Seguinos para m\u00e1s informaci\u00f3n actualizada.<\/strong><\/p>\n","protected":false},"excerpt":{"rendered":"<p>Finalmente, por disposici\u00f3n de la fiscal\u00eda en turno, ambos sujetos de 23 y 24 a\u00f1os fueron trasladados a la Comisar\u00eda Und\u00e9cima por motivos de jurisdicci\u00f3n donde se notific\u00f3 su aprehensi\u00f3n en una causa por \u201cSupuestos Da\u00f1os\u201d. Compart\u00ed esta nota en tus redes sociales&#8230; Seguinos para m\u00e1s informaci\u00f3n actualizada.<\/p>\n","protected":false},"author":1,"featured_media":262793,"comment_status":"closed","ping_status":"","sticky":false,"template":"","format":"standard","meta":{"footnotes":""},"categories":[5],"tags":[],"class_list":["post-262792","post","type-post","status-publish","format-standard","has-post-thumbnail","category-policiales"],"_links":{"self":[{"href":"https:\/\/chacosintesis.com.ar\/index.php\/wp-json\/wp\/v2\/posts\/262792","targetHints":{"allow":["GET"]}}],"collection":[{"href":"https:\/\/chacosintesis.com.ar\/index.php\/wp-json\/wp\/v2\/posts"}],"about":[{"href":"https:\/\/chacosintesis.com.ar\/index.php\/wp-json\/wp\/v2\/types\/post"}],"author":[{"embeddable":true,"href":"https:\/\/chacosintesis.com.ar\/index.php\/wp-json\/wp\/v2\/users\/1"}],"replies":[{"embeddable":true,"href":"https:\/\/chacosintesis.com.ar\/index.php\/wp-json\/wp\/v2\/comments?post=262792"}],"version-history":[{"count":1,"href":"https:\/\/chacosintesis.com.ar\/index.php\/wp-json\/wp\/v2\/posts\/262792\/revisions"}],"predecessor-version":[{"id":262794,"href":"https:\/\/chacosintesis.com.ar\/index.php\/wp-json\/wp\/v2\/posts\/262792\/revisions\/262794"}],"wp:featuredmedia":[{"embeddable":true,"href":"https:\/\/chacosintesis.com.ar\/index.php\/wp-json\/wp\/v2\/media\/262793"}],"wp:attachment":[{"href":"https:\/\/chacosintesis.com.ar\/index.php\/wp-json\/wp\/v2\/media?parent=262792"}],"wp:term":[{"taxonomy":"category","embeddable":true,"href":"https:\/\/chacosintesis.com.ar\/index.php\/wp-json\/wp\/v2\/categories?post=262792"},{"taxonomy":"post_tag","embeddable":true,"href":"https:\/\/chacosintesis.com.ar\/index.php\/wp-json\/wp\/v2\/tags?post=262792"}],"curies":[{"name":"wp","href":"https:\/\/api.w.org\/{rel}","templated":true}]}}