{"id":262789,"date":"2026-09-05T20:07:59","date_gmt":"2026-09-05T23:07:59","guid":{"rendered":"https:\/\/chacosintesis.com.ar\/index.php\/nueva-resistencia-avanza-con-pavimento-y-obras-que-transforman-el-perfil-urbano-del-barrio\/"},"modified":"2026-09-05T20:08:06","modified_gmt":"2026-09-05T23:08:06","slug":"nueva-resistencia-avanza-con-pavimento-y-obras-que-transforman-el-perfil-urbano-del-barrio","status":"publish","type":"post","link":"https:\/\/chacosintesis.com.ar\/index.php\/nueva-resistencia-avanza-con-pavimento-y-obras-que-transforman-el-perfil-urbano-del-barrio\/","title":{"rendered":"NUEVA RESISTENCIA AVANZA CON PAVIMENTO Y OBRAS QUE TRANSFORMAN EL PERFIL URBANO DEL BARRIO"},"content":{"rendered":"<p><\/p>\n<div><strong>Este s\u00e1bado, luego de estar en Villa Elisa, el gobernador Leandro Zdero constat\u00f3 los trabajos de pavimentaci\u00f3n en el barrio Nueva Resistencia junto a funcionarios provinciales.<br \/><\/strong><br \/>La intervenci\u00f3n contempla 30 cuadras de pavimento, desag\u00fces, iluminaci\u00f3n y se\u00f1alizaci\u00f3n, con el objetivo de mejorar la conectividad y la calidad de vida de los vecinos.<br \/>La recorrida forma parte de una agenda de trabajo conjunto entre el Gobierno provincial y la Municipalidad de Resistencia para mejorar la infraestructura urbana y transformar distintos sectores de la ciudad.<br \/>El secretario general de la Gobernaci\u00f3n, Julio Ferro, destac\u00f3 la importancia de la articulaci\u00f3n entre Provincia y Municipio para llevar adelante obras que impactan directamente en la vida cotidiana de los vecinos. \u201cCuando hay un gobernador y un intendente que priorizan el di\u00e1logo y el trabajo conjunto, se producen este tipo de acciones. El trabajo se siente y el chaque\u00f1o lo ve y lo disfruta en su ciudad\u201d, sostuvo.<br \/>Ferro remarc\u00f3 que las obras de pavimento permiten mejorar la transitabilidad, la conectividad y el entorno urbano de los barrios. En ese sentido, se\u00f1al\u00f3 que la articulaci\u00f3n tambi\u00e9n alcanza otros trabajos de infraestructura, como el mantenimiento de calles de ripio, la intervenci\u00f3n de avenidas estrat\u00e9gicas y las obras de repavimentaci\u00f3n e iluminaci\u00f3n que se desarrollan en distintos puntos de Resistencia.<br \/>Asimismo, destac\u00f3 los avances en materia de mensuras, realizados a trav\u00e9s de convenios entre el Gobierno provincial y la Municipalidad, que permitir\u00e1n que alrededor de 3.000 familias avancen hacia la regularizaci\u00f3n dominial y el acceso al t\u00edtulo de propiedad de sus viviendas.<\/p>\n<p><strong>UNA INTERVENCI\u00d3N INTEGRAL PARA NUEVA RESISTENCIA<\/strong><br \/>Por su parte, el subsecretario de Infraestructura de la Provincia, Jorge Nocenti, brind\u00f3 detalles de los trabajos que se llevan adelante en el barrio.<br \/>Explic\u00f3 que la obra contempla la construcci\u00f3n de pavimento en el sector, acompa\u00f1ado por un sistema de desag\u00fces pluviales que permitir\u00e1 mejorar el escurrimiento del agua hacia el canal existente.<br \/>Uno de los puntos centrales de la intervenci\u00f3n es la calle Bariloche, donde se ejecuta un conducto destinado a colectar los excedentes h\u00eddricos de la zona y mejorar el funcionamiento del sistema de drenaje.<br \/>La obra incluye adem\u00e1s la construcci\u00f3n de cordones, mientras que posteriormente se prev\u00e9 avanzar con iluminaci\u00f3n y se\u00f1alizaci\u00f3n, completando una intervenci\u00f3n que busca modificar de manera integral el perfil urbano del barrio.<br \/>Nocenti explic\u00f3 que los tiempos de ejecuci\u00f3n est\u00e1n vinculados a la disponibilidad presupuestaria y que la Provincia avanza priorizando las obras de acuerdo con los recursos disponibles. \u201cEstamos avanzando a medida que el presupuesto lo permite. La idea es que durante esta gesti\u00f3n se pueda culminar toda la obra\u201d, se\u00f1al\u00f3.<br \/>El Gobierno provincial continuar\u00e1 impulsando obras de infraestructura urbana en Resistencia, con una mirada puesta en mejorar la conectividad, el drenaje, la iluminaci\u00f3n y las condiciones de vida de los vecinos, a partir del trabajo coordinado entre Provincia y Municipio.<\/p>\n<\/div>\n","protected":false},"excerpt":{"rendered":"<p>Este s\u00e1bado, luego de estar en Villa Elisa, el gobernador Leandro Zdero constat\u00f3 los trabajos de pavimentaci\u00f3n en el barrio Nueva Resistencia junto a funcionarios provinciales.La intervenci\u00f3n contempla 30 cuadras de pavimento, desag\u00fces, iluminaci\u00f3n y se\u00f1alizaci\u00f3n, con el objetivo de mejorar la conectividad y la calidad de vida de los vecinos.La recorrida forma parte de [&hellip;]<\/p>\n","protected":false},"author":1,"featured_media":262790,"comment_status":"closed","ping_status":"","sticky":false,"template":"","format":"standard","meta":{"footnotes":""},"categories":[6],"tags":[],"class_list":["post-262789","post","type-post","status-publish","format-standard","has-post-thumbnail","category-chaco"],"_links":{"self":[{"href":"https:\/\/chacosintesis.com.ar\/index.php\/wp-json\/wp\/v2\/posts\/262789","targetHints":{"allow":["GET"]}}],"collection":[{"href":"https:\/\/chacosintesis.com.ar\/index.php\/wp-json\/wp\/v2\/posts"}],"about":[{"href":"https:\/\/chacosintesis.com.ar\/index.php\/wp-json\/wp\/v2\/types\/post"}],"author":[{"embeddable":true,"href":"https:\/\/chacosintesis.com.ar\/index.php\/wp-json\/wp\/v2\/users\/1"}],"replies":[{"embeddable":true,"href":"https:\/\/chacosintesis.com.ar\/index.php\/wp-json\/wp\/v2\/comments?post=262789"}],"version-history":[{"count":1,"href":"https:\/\/chacosintesis.com.ar\/index.php\/wp-json\/wp\/v2\/posts\/262789\/revisions"}],"predecessor-version":[{"id":262791,"href":"https:\/\/chacosintesis.com.ar\/index.php\/wp-json\/wp\/v2\/posts\/262789\/revisions\/262791"}],"wp:featuredmedia":[{"embeddable":true,"href":"https:\/\/chacosintesis.com.ar\/index.php\/wp-json\/wp\/v2\/media\/262790"}],"wp:attachment":[{"href":"https:\/\/chacosintesis.com.ar\/index.php\/wp-json\/wp\/v2\/media?parent=262789"}],"wp:term":[{"taxonomy":"category","embeddable":true,"href":"https:\/\/chacosintesis.com.ar\/index.php\/wp-json\/wp\/v2\/categories?post=262789"},{"taxonomy":"post_tag","embeddable":true,"href":"https:\/\/chacosintesis.com.ar\/index.php\/wp-json\/wp\/v2\/tags?post=262789"}],"curies":[{"name":"wp","href":"https:\/\/api.w.org\/{rel}","templated":true}]}}