{"id":26275,"date":"2023-09-03T20:08:33","date_gmt":"2023-09-03T23:08:33","guid":{"rendered":"https:\/\/chacosintesis.com.ar\/?p=26275"},"modified":"2023-09-03T20:37:03","modified_gmt":"2023-09-03T23:37:03","slug":"debates-preelectorales-estos-son-los-temas-sobre-los-que-deberan-presentar-propuestas-legislativas-los-candidatos-a-diputados","status":"publish","type":"post","link":"https:\/\/chacosintesis.com.ar\/index.php\/debates-preelectorales-estos-son-los-temas-sobre-los-que-deberan-presentar-propuestas-legislativas-los-candidatos-a-diputados\/","title":{"rendered":"Debates preelectorales: \u00e9stos son los temas sobre los que deber\u00e1n presentar propuestas legislativas los candidatos a diputados"},"content":{"rendered":"<div class=\"postie-post\">El debate se desarrollar\u00e1 en el Sal\u00f3n Casablanca Gala de Resistencia, los d\u00edas lunes 4 y martes 5 de septiembre. Con transmisi\u00f3n en vivo a trav\u00e9s de Canal 9 a partir de las 20:00 horas.<br \/>\n La moderaci\u00f3n de los debates para candidatos a diputados estar\u00e1 a cargo del periodista Fabio Rodriguez. Desde las 20:00 horas habr\u00e1 transmisi\u00f3n con la \u201cPrevia del Debate\u201d con la conducci\u00f3n de los periodistas Jos\u00e9 Novo y Denis Oziel, mientras que la conducci\u00f3n de \u201cEl Gran Debate\u201d la har\u00e1n Elsa Ayosa y Marco Messina.<\/p>\n<p>Lunes 04 de septiembre: Debate de candidatos a diputados<br \/>\n Los candidatos a Diputados que debatir\u00e1n presentando sus propuestas para legislar son Santiago Perez Pons (Frente Chaque\u00f1o), Jaime Parra Moreno (Frente Integrador), Iv\u00e1n Gy\u00f6ker (Juntos por el Cambio) y Agust\u00edn Romero (Corriente de Expresi\u00f3n Renovada).<br \/>\n En el debate de candidatos a diputados provinciales en Resistencia el 4 de septiembre los atriles ser\u00e1n ocupados en el siguiente orden: 1. Perez Pons, 2. Gy\u00f6ker, 3. Romero, 4. Parra Moreno. El orden de incorporaci\u00f3n al set, presentaci\u00f3n inicial a cargo del moderador y presentaci\u00f3n propia de cada candidato ser\u00e1: Romero, Gy\u00f6ker, Parra Moreno y Perez Pons.<br \/>\n Habr\u00e1 cuatro bloques tem\u00e1ticos y sus correspondientes r\u00e9plicas:<br \/>\n Empleo y promoci\u00f3n social.<br \/>\nEducaci\u00f3n y salud.<br \/>\nServicios p\u00fablicos e infraestructura, desarrollo urbano y vivienda.<br \/>\nTem\u00e1tica abierta: tres preguntas de redes, tel\u00e9fonos y otros.<br \/>\n Luego tendr\u00e1n su espacio para el cierre.<br \/>\n El orden de exposici\u00f3n ser\u00e1:<br \/>\n Bloque 1: Gy\u00f6ker, Romero, Parra Moreno y Perez Pons.<br \/>\nBloque 2: Romero, Parra Moreno, Perez Pons y Gy\u00f6ker.<br \/>\nBloque 3: Parra Moreno, Perez Pons, Gy\u00f6ker y Romero.<br \/>\nBloque 4: Perez Pons, Gy\u00f6ker, Romero y Parra Moreno<br \/>\nCierre: Gy\u00f6ker, Romero, Parra Moreno y Perez Pons.<\/p><\/div>\n","protected":false},"excerpt":{"rendered":"<p>El debate se desarrollar\u00e1 en el Sal\u00f3n Casablanca Gala de Resistencia, los d\u00edas lunes 4 y martes 5 de septiembre. Con transmisi\u00f3n en vivo a trav\u00e9s de Canal 9 a partir de las 20:00 horas. La moderaci\u00f3n de los debates para candidatos a diputados estar\u00e1 a cargo del periodista Fabio Rodriguez. Desde las 20:00 horas [&hellip;]<\/p>\n","protected":false},"author":1,"featured_media":26276,"comment_status":"closed","ping_status":"closed","sticky":false,"template":"","format":"standard","meta":{"footnotes":""},"categories":[6],"tags":[],"class_list":{"0":"post-26275","1":"post","2":"type-post","3":"status-publish","4":"format-standard","5":"has-post-thumbnail","7":"category-chaco"},"_links":{"self":[{"href":"https:\/\/chacosintesis.com.ar\/index.php\/wp-json\/wp\/v2\/posts\/26275","targetHints":{"allow":["GET"]}}],"collection":[{"href":"https:\/\/chacosintesis.com.ar\/index.php\/wp-json\/wp\/v2\/posts"}],"about":[{"href":"https:\/\/chacosintesis.com.ar\/index.php\/wp-json\/wp\/v2\/types\/post"}],"author":[{"embeddable":true,"href":"https:\/\/chacosintesis.com.ar\/index.php\/wp-json\/wp\/v2\/users\/1"}],"replies":[{"embeddable":true,"href":"https:\/\/chacosintesis.com.ar\/index.php\/wp-json\/wp\/v2\/comments?post=26275"}],"version-history":[{"count":0,"href":"https:\/\/chacosintesis.com.ar\/index.php\/wp-json\/wp\/v2\/posts\/26275\/revisions"}],"wp:featuredmedia":[{"embeddable":true,"href":"https:\/\/chacosintesis.com.ar\/index.php\/wp-json\/wp\/v2\/media\/26276"}],"wp:attachment":[{"href":"https:\/\/chacosintesis.com.ar\/index.php\/wp-json\/wp\/v2\/media?parent=26275"}],"wp:term":[{"taxonomy":"category","embeddable":true,"href":"https:\/\/chacosintesis.com.ar\/index.php\/wp-json\/wp\/v2\/categories?post=26275"},{"taxonomy":"post_tag","embeddable":true,"href":"https:\/\/chacosintesis.com.ar\/index.php\/wp-json\/wp\/v2\/tags?post=26275"}],"curies":[{"name":"wp","href":"https:\/\/api.w.org\/{rel}","templated":true}]}}