{"id":26273,"date":"2023-09-03T20:06:29","date_gmt":"2023-09-03T23:06:29","guid":{"rendered":"https:\/\/chacosintesis.com.ar\/?p=26273"},"modified":"2023-09-03T20:06:59","modified_gmt":"2023-09-03T23:06:59","slug":"capitanich-inauguro-19-cuadras-de-pavimento-para-los-barrios-el-tala-y-velez-sarsfield","status":"publish","type":"post","link":"https:\/\/chacosintesis.com.ar\/index.php\/capitanich-inauguro-19-cuadras-de-pavimento-para-los-barrios-el-tala-y-velez-sarsfield\/","title":{"rendered":"Capitanich inaugur\u00f3 19 cuadras de pavimento para los barrios El Tala y V\u00e9lez Sarsfield"},"content":{"rendered":"<div class=\"postie-post\">Las obras cuentan con cord\u00f3n integral y sistema de desag\u00fces y permitir\u00e1n garantizar m\u00e1s desarrollo urbano, m\u00e1s seguridad vial, mejor circulaci\u00f3n y mayor conectividad en la capital chaque\u00f1a. \u201cImplican un gran impacto en la calidad de vida\u201d, consider\u00f3 el primer mandatario provincial.<\/p>\n<p>El gobernador, Jorge Capitanich, inaugur\u00f3 en la tarde de este domingo 19 cuadras de pavimento en los barrios El Tala y V\u00e9lez Sarsfield, de Resistencia. Se trata de dos frentes de obra que comprenden siete cuadras de un paquete de 39 en el barrio El Tala y doce de un total de 38 en el Barrio V\u00e9lez Sarsfield.<br \/>\nLuego de las inauguraciones, el mandatario indic\u00f3 que las obras de infraestructura, relacionadas con el mejoramiento de calles urbanas, \u201cimplican un gran impacto en la calidad de vida de la comunidad\u201d y permiten elevar el nivel de vida promoviendo el desarrollo econ\u00f3mico y social.<br \/>\n\u201cTanto V\u00e9lez Sarsfield como El Tala forman parte del proceso de ordenamiento territorial y urbanizaci\u00f3n que estamos haciendo en todo Resistencia en much\u00edsimos barrios y a trav\u00e9s del cual vamos a llegar a cerca de 2.200 cuadras en todos mis mandatos constitucionales como intendente y gobernador\u201d, indic\u00f3 Capitanich.<br \/>\nLas obras finales contemplan una inversi\u00f3n de $1.054.845.587 en el caso de El Tala para un total de 39 cuadras y de $549.949.414 para un total de 38 cuadras en el Barrio V\u00e9lez Sarsfield, financiadas a trav\u00e9s del Ministerio de Planificaci\u00f3n, Econom\u00eda e Infraestructura<\/p>\n<p>Programa integral<br \/>\nEn ese sentido, Capitanicih record\u00f3 que como intendente ejecut\u00f3 750 cuadras de pavimento en 4 a\u00f1os, equivalentes a m\u00e1s que todo el resto de intendentes juntos desde el regreso de la democracia. \u201cEstamos haciendo un gran programa para generar ordenamiento urbano, territorial y vamos a ir extendi\u00e9ndolo a los lugares donde no hay cloacas, agua potable y desag\u00fces, con el objetivo de garantizar mejor calidad de vida\u201d, sostuvo.<br \/>\nEs importante destacar que con la pavimentaci\u00f3n propuesta, no solamente se beneficiar\u00e1 a los frentistas y propietarios que se encuentran en la zona de influencia, sino que adem\u00e1s toda la comunidad percibir\u00e1 un incremento material en sus inmuebles, produciendo adem\u00e1s un mejoramiento en las condiciones de vida, as\u00ed como tambi\u00e9n en la preservaci\u00f3n de la salud, denotando el gran beneficio social que promueven este tipo de intervenciones.<br \/>\nEn ese sentido detall\u00f3 que este es un programa que se va a ir haciendo de manera gradual y progresiva en toda la provincia. \u201cTenemos el objetivo y el compromiso de hacer 2.500 cuadras de pavimento en el pr\u00f3ximo periodo 2023-2027, lo que significa un plan para 649 barrios de la provincia, adem\u00e1s de t\u00edtulos de propiedad de la tierra, veredas, alumbrado p\u00fablico, mejoramiento de las condiciones de asistencia primaria de la salud, el mejoramiento al acceso a las escuelas, seguridad y tantos otros temas para mejorar la calidad de vida de la gente\u201d, manifest\u00f3.<br \/>\nPor \u00faltimo, Capitanich record\u00f3 que pavimento, ripio y alumbrado p\u00fablico no son competencia provincial, sino que es una competencia de car\u00e1cter municipal. Sin embargo, se trabaja para concretar estas obras por pedido de vecinas y vecinos. \u201cHemos observado un pedido de todos los vecinos y vecinas a trav\u00e9s de la agenda de proximidad y en ese sentido estamos trabajando para solucionar las peticiones de la gente\u201d, concluy\u00f3.<br \/>\nAcompa\u00f1aron al gobernador el titular de Vialidad Provincial, Hugo Varela; el vocal del IAFEP, Fabian R\u00edos y el diputado provincial, Roberto Acosta.<\/p>\n<p>Palabras de los vecinos<br \/>\nPor su parte, uno de los vecinos del barrio V\u00e9lez Sarsfield, Roberto Alegre, agradeci\u00f3 al gobernador y sostuvo que el barri\u00f3 cambi\u00f3 completamente con el asfalto. \u201cUn d\u00eda de lluvia como hoy era imposible de salir, pero ahora todo es mucho m\u00e1s sencillo y accesible para los vecinos del lugar\u201d, dijo y agreg\u00f3 \u201csolo le pido al gobernador que siga trabajando como lo viene haciendo por los que menos tienen, porque los vecinos tienen memoria y no se olvidan de todo lo que hizo por la provincia\u201d.<\/p><\/div>\n","protected":false},"excerpt":{"rendered":"<p>Las obras cuentan con cord\u00f3n integral y sistema de desag\u00fces y permitir\u00e1n garantizar m\u00e1s desarrollo urbano, m\u00e1s seguridad vial, mejor circulaci\u00f3n y mayor conectividad en la capital chaque\u00f1a. \u201cImplican un gran impacto en la calidad de vida\u201d, consider\u00f3 el primer mandatario provincial. El gobernador, Jorge Capitanich, inaugur\u00f3 en la tarde de este domingo 19 cuadras [&hellip;]<\/p>\n","protected":false},"author":1,"featured_media":26274,"comment_status":"closed","ping_status":"closed","sticky":false,"template":"","format":"standard","meta":{"footnotes":""},"categories":[6],"tags":[],"class_list":{"0":"post-26273","1":"post","2":"type-post","3":"status-publish","4":"format-standard","5":"has-post-thumbnail","7":"category-chaco"},"_links":{"self":[{"href":"https:\/\/chacosintesis.com.ar\/index.php\/wp-json\/wp\/v2\/posts\/26273","targetHints":{"allow":["GET"]}}],"collection":[{"href":"https:\/\/chacosintesis.com.ar\/index.php\/wp-json\/wp\/v2\/posts"}],"about":[{"href":"https:\/\/chacosintesis.com.ar\/index.php\/wp-json\/wp\/v2\/types\/post"}],"author":[{"embeddable":true,"href":"https:\/\/chacosintesis.com.ar\/index.php\/wp-json\/wp\/v2\/users\/1"}],"replies":[{"embeddable":true,"href":"https:\/\/chacosintesis.com.ar\/index.php\/wp-json\/wp\/v2\/comments?post=26273"}],"version-history":[{"count":0,"href":"https:\/\/chacosintesis.com.ar\/index.php\/wp-json\/wp\/v2\/posts\/26273\/revisions"}],"wp:featuredmedia":[{"embeddable":true,"href":"https:\/\/chacosintesis.com.ar\/index.php\/wp-json\/wp\/v2\/media\/26274"}],"wp:attachment":[{"href":"https:\/\/chacosintesis.com.ar\/index.php\/wp-json\/wp\/v2\/media?parent=26273"}],"wp:term":[{"taxonomy":"category","embeddable":true,"href":"https:\/\/chacosintesis.com.ar\/index.php\/wp-json\/wp\/v2\/categories?post=26273"},{"taxonomy":"post_tag","embeddable":true,"href":"https:\/\/chacosintesis.com.ar\/index.php\/wp-json\/wp\/v2\/tags?post=26273"}],"curies":[{"name":"wp","href":"https:\/\/api.w.org\/{rel}","templated":true}]}}