{"id":262698,"date":"2026-09-05T16:11:56","date_gmt":"2026-09-05T19:11:56","guid":{"rendered":"https:\/\/chacosintesis.com.ar\/index.php\/murio-alberto-iribarne-ex-ministro-de-justicia-de-nestor-kirchner\/"},"modified":"2026-09-05T16:11:56","modified_gmt":"2026-09-05T19:11:56","slug":"murio-alberto-iribarne-ex-ministro-de-justicia-de-nestor-kirchner","status":"publish","type":"post","link":"https:\/\/chacosintesis.com.ar\/index.php\/murio-alberto-iribarne-ex-ministro-de-justicia-de-nestor-kirchner\/","title":{"rendered":"Muri\u00f3 Alberto Iribarne, ex ministro de Justicia de N\u00e9stor Kirchner"},"content":{"rendered":"<p><\/p>\n<div>\n<p>Ten\u00eda 75 a\u00f1os y una extensa trayectoria en la funci\u00f3n p\u00fablica. Fue ministro de Justicia de N\u00e9stor Kirchner, diputado, convencional constituyente y embajador en Uruguay.<\/p>\n<\/p><\/div>\n<div>\n<div class=\"articulo__cuerpo\">\n<p>El ex ministro de Justicia y ex embajador argentino Alberto Iribarne falleci\u00f3 a los 75 a\u00f1os, seg\u00fan confirmaron sus familiares a trav\u00e9s de un emotivo mensaje de despedida.<\/p>\n<p>Dirigente de trayectoria hist\u00f3rica en el peronismo, Iribarne (1950-2026) ocup\u00f3 diversos cargos de relevancia en la funci\u00f3n p\u00fablica a lo largo de las \u00faltimas d\u00e9cadas. Fue diputado nacional, convencional constituyente durante la reforma constitucional de 1994, ministro de Justicia y Derechos Humanos durante la gesti\u00f3n de N\u00e9stor Kirchner y embajador de la Argentina ante la Rep\u00fablica Oriental del Uruguay entre 2020 y 2023.<\/p>\n<p>&#8220;Hombre afectuoso y solidario, de profundas convicciones, hizo del compromiso social y pol\u00edtico una forma de vida y de servicio&#8221;, se\u00f1alaron sus hijos al dar a conocer la noticia, al tiempo que destacaron que asumi\u00f3 sus responsabilidades p\u00fablicas &#8220;con la misma pasi\u00f3n y vocaci\u00f3n con las que abraz\u00f3 sus ideales&#8221;.<\/p>\n<div class=\"newsletter\">\n<p class=\"newsletter__titulo\"> Recib\u00ed los Newsletters de La Nueva <span class=\"blanco\">sin costo<\/span> <\/p>\n<form method=\"POST\" class=\"search-lightbox__form\" action-xhr=\"https:\/\/www.lanueva.com\/suscripcion_amp\" target=\"_top\">\n<p> <template type=\"amp-mustache\"> {{msj}} <\/template> <\/p>\n<p> <template type=\"amp-mustache\"> {{msj}} <\/template> <\/p>\n<p> <amp-recaptcha-input layout=\"nodisplay\" name=\"g-recaptcha-response\" data-sitekey=\"6LfgkyEhAAAAALWAPV1E8JgXNLwb5Zq0ugONXmGI\" data-action=\"token\" class=\"i-amphtml-layout-nodisplay\" hidden=\"hidden\" i-amphtml-layout=\"nodisplay\"> <\/amp-recaptcha-input> <\/form>\n<\/p><\/div>\n<p>En el mensaje difundido para despedirlo, la familia remarc\u00f3 su calidad personal m\u00e1s all\u00e1 de los honores pol\u00edticos: &#8220;Por sobre los cargos y los honores, nos queda el hombre: su generosidad, su palabra, sus ense\u00f1anzas y la huella que dej\u00f3 en quienes compartieron su camino&#8221;.<\/p>\n<p>La noticia repercuti\u00f3 en el mundo de la pol\u00edtica y en el peronismo. El ex ministro del Interior, An\u00edbal Fern\u00e1ndez, expres\u00f3: \u201cQue Dios te bendiga querido amigo\u201d.<\/p>\n<p>Por su parte, el diputado nacional y ex ministro de Defensa Agust\u00edn Rossi public\u00f3 en sus redes: \u201cFalleci\u00f3 Alberto Iribarne. Defensor de la causa peronista siempre. Compa\u00f1ero consecuente con ideas, de gran calidez y bonhomia. Abrazo a sus compa\u00f1eros y familiares\u201d. (N\/A)<\/p>\n<\/p><\/div>\n<\/p><\/div>\n","protected":false},"excerpt":{"rendered":"<p>Ten\u00eda 75 a\u00f1os y una extensa trayectoria en la funci\u00f3n p\u00fablica. Fue ministro de Justicia de N\u00e9stor Kirchner, diputado, convencional constituyente y embajador en Uruguay. El ex ministro de Justicia y ex embajador argentino Alberto Iribarne falleci\u00f3 a los 75 a\u00f1os, seg\u00fan confirmaron sus familiares a trav\u00e9s de un emotivo mensaje de despedida. Dirigente de [&hellip;]<\/p>\n","protected":false},"author":1,"featured_media":262699,"comment_status":"","ping_status":"","sticky":false,"template":"","format":"standard","meta":{"footnotes":""},"categories":[8],"tags":[],"class_list":["post-262698","post","type-post","status-publish","format-standard","has-post-thumbnail","category-nacionales"],"_links":{"self":[{"href":"https:\/\/chacosintesis.com.ar\/index.php\/wp-json\/wp\/v2\/posts\/262698","targetHints":{"allow":["GET"]}}],"collection":[{"href":"https:\/\/chacosintesis.com.ar\/index.php\/wp-json\/wp\/v2\/posts"}],"about":[{"href":"https:\/\/chacosintesis.com.ar\/index.php\/wp-json\/wp\/v2\/types\/post"}],"author":[{"embeddable":true,"href":"https:\/\/chacosintesis.com.ar\/index.php\/wp-json\/wp\/v2\/users\/1"}],"replies":[{"embeddable":true,"href":"https:\/\/chacosintesis.com.ar\/index.php\/wp-json\/wp\/v2\/comments?post=262698"}],"version-history":[{"count":0,"href":"https:\/\/chacosintesis.com.ar\/index.php\/wp-json\/wp\/v2\/posts\/262698\/revisions"}],"wp:featuredmedia":[{"embeddable":true,"href":"https:\/\/chacosintesis.com.ar\/index.php\/wp-json\/wp\/v2\/media\/262699"}],"wp:attachment":[{"href":"https:\/\/chacosintesis.com.ar\/index.php\/wp-json\/wp\/v2\/media?parent=262698"}],"wp:term":[{"taxonomy":"category","embeddable":true,"href":"https:\/\/chacosintesis.com.ar\/index.php\/wp-json\/wp\/v2\/categories?post=262698"},{"taxonomy":"post_tag","embeddable":true,"href":"https:\/\/chacosintesis.com.ar\/index.php\/wp-json\/wp\/v2\/tags?post=262698"}],"curies":[{"name":"wp","href":"https:\/\/api.w.org\/{rel}","templated":true}]}}