{"id":262697,"date":"2026-09-05T16:09:03","date_gmt":"2026-09-05T19:09:03","guid":{"rendered":"https:\/\/chacosintesis.com.ar\/index.php\/franco-colapinto-logro-su-mejor-clasificacion-en-la-formula-1-elogio-la-pole-de-pierre-gasly-y-explico-que-le-falto-en-monza\/"},"modified":"2026-09-05T16:09:03","modified_gmt":"2026-09-05T19:09:03","slug":"franco-colapinto-logro-su-mejor-clasificacion-en-la-formula-1-elogio-la-pole-de-pierre-gasly-y-explico-que-le-falto-en-monza","status":"publish","type":"post","link":"https:\/\/chacosintesis.com.ar\/index.php\/franco-colapinto-logro-su-mejor-clasificacion-en-la-formula-1-elogio-la-pole-de-pierre-gasly-y-explico-que-le-falto-en-monza\/","title":{"rendered":"Franco Colapinto logr\u00f3 su mejor clasificaci\u00f3n en la F\u00f3rmula 1, elogi\u00f3 la pole de Pierre Gasly y explic\u00f3 qu\u00e9 le falt\u00f3 en Monza"},"content":{"rendered":"<p><\/p>\n<div id=\"\">\n<p id=\"p-1788630901670-38358\" data-start=\"756\" data-end=\"1027\">El franc\u00e9s marc\u00f3 <strong data-start=\"773\" data-end=\"785\">1:21.786<\/strong> y se qued\u00f3 con el primer puesto despu\u00e9s de superar por apenas <strong data-start=\"848\" data-end=\"874\">0.060 a George Russell<\/strong>, de <strong data-start=\"879\" data-end=\"891\">Mercedes<\/strong>, y por <strong data-start=\"899\" data-end=\"924\">0.180 a Oscar Piastri<\/strong>, de <strong data-start=\"929\" data-end=\"940\">McLaren<\/strong>. Colapinto, por su parte, registr\u00f3 <strong data-start=\"976\" data-end=\"988\">1:22.220<\/strong> y termin\u00f3 a <strong data-start=\"1001\" data-end=\"1010\">0.434<\/strong> de su compa\u00f1ero.<\/p>\n<\/div>\n<div id=\"\">\n<p id=\"p-1788630901670-9172\" data-start=\"1029\" data-end=\"1222\"> \u201cEs bastante incre\u00edble, creo que sorpresa para el equipo tambi\u00e9n. No es que esper\u00e1bamos hacer la pole. <strong>Pierre hizo una qualy muy buena<\/strong>\u201d, expres\u00f3 el piloto argentino despu\u00e9s de la clasificaci\u00f3n.<\/p>\n<\/div>\n<div id=\"\">\n<h2 id=\"p-1788630901670-59151\" data-section-id=\"t9bnrx\" data-start=\"1224\" data-end=\"1299\">Colapinto largar\u00e1 s\u00e9ptimo y consigui\u00f3 su mejor posici\u00f3n en F\u00f3rmula 1<\/h2>\n<p id=\"p-1788630901670-77733\" data-start=\"1301\" data-end=\"1580\">El oriundo de <strong data-start=\"1315\" data-end=\"1324\">Pilar<\/strong> obtuvo inicialmente el octavo mejor registro de la sesi\u00f3n, pero avanz\u00f3 una posici\u00f3n en la grilla debido a una sanci\u00f3n que arrastraba <strong data-start=\"1458\" data-end=\"1483\">Andrea Kimi Antonelli<\/strong>. De esta manera, <strong data-start=\"1501\" data-end=\"1579\">largar\u00e1 s\u00e9ptimo por primera vez desde su desembarco en la m\u00e1xima categor\u00eda<\/strong>.<\/p>\n<\/div>\n<div id=\"\">\n<p id=\"p-1788630901670-77320\" data-start=\"1582\" data-end=\"1841\">Hasta este fin de semana, sus mejores clasificaciones hab\u00edan sido dos octavos puestos: uno en el <strong data-start=\"1679\" data-end=\"1716\">Gran Premio de Azerbaiy\u00e1n de 2024<\/strong>, cuando compet\u00eda para <strong data-start=\"1739\" data-end=\"1751\">Williams<\/strong>, y otro en <strong data-start=\"1763\" data-end=\"1777\">Miami 2026<\/strong>. Durante esta temporada tambi\u00e9n hab\u00eda partido d\u00e9cimo en Canad\u00e1.<\/p>\n<\/div>\n<div id=\"\">\n<div contenteditable=\"false\" class=\"embed_cont type_imagen\" id=\"8274389-Libre-757934012_wrap\">\n<div id=\"8274389-Libre-757934012_content\" class=\"embed_content\"><img src=\"https:\/\/chacosintesis.com.ar\/wp-content\/uploads\/2026\/09\/Franco-Colapinto-logro-su-mejor-clasificacion-en-la-Formula-1.jpg\" decoding=\"async\" fetchpriority=\"low\" loading=\"lazy\" alt=\"Colapinto largar\u00e1 s\u00e9ptimo en el Gran Premio de Italia.\" title=\"Colapinto largar\u00e1 s\u00e9ptimo en el Gran Premio de Italia.\" width=\"730\" height=\"undefined\" id=\"8274389-Libre-757934012_embed\"\/><\/div>\n<div class=\"embed_wrapper-cont\" id=\"p-1788631188340-41849\">\n<div id=\"8274389-Libre-757934012_epigrafe\" class=\"embed_epigrafe\">\n<p id=\"p-1788631239272-10683\">Colapinto largar\u00e1 s\u00e9ptimo en el Gran Premio de Italia.<\/p>\n<\/div>\n<p>@AlpineF1Team<\/p>\n<\/div><\/div>\n<p id=\"p-1788630901670-76431\" data-start=\"1843\" data-end=\"2154\">\u201cIgualmente fue un gran d\u00eda para el equipo. Quedar octavo era un muy buen resultado para nosotros ayer y hacer la pole es una sorpresa muy grande para todos. Un gran laburo de Pierre y de todo el equipo para hacerla. Obviamente que con ganas ma\u00f1ana de hacer una buena carrera e ir para adelante\u201d, afirm\u00f3 Franco.<\/p>\n<p id=\"p-1788630901670-42595\" data-start=\"2156\" data-end=\"2366\">El rendimiento del argentino tambi\u00e9n dej\u00f3 un dato destacado: <strong data-start=\"2217\" data-end=\"2274\">marc\u00f3 el mejor primer sector de toda la clasificaci\u00f3n<\/strong>. Colapinto complet\u00f3 ese tramo de Monza en <strong data-start=\"2317\" data-end=\"2327\">26.779<\/strong>, por delante del resto de los pilotos.<\/p>\n<h2 id=\"p-1788630901670-31136\" data-section-id=\"10je19f\" data-start=\"2368\" data-end=\"2432\">La explicaci\u00f3n de Colapinto sobre la diferencia con Gasly<\/h2>\n<p id=\"p-1788630901670-67925\" data-start=\"2434\" data-end=\"2682\">Pese a conseguir su mejor clasificaci\u00f3n, Colapinto reconoci\u00f3 que termin\u00f3 con cierta <strong>frustraci\u00f3n por la diferencia respecto de Gasly<\/strong> y puso el foco en la capacidad del franc\u00e9s para mejorar sus tiempos a medida que avanzaron las distintas instancias.<\/p>\n<p id=\"p-1788630901670-28250\" data-start=\"2684\" data-end=\"3010\">\u201cPara m\u00ed es entender el por qu\u00e9 y la raz\u00f3n de no haber mejorado tanto entre sesi\u00f3n y sesi\u00f3n. <strong>Pierre daba saltos m\u00e1s grandes que yo, y yo no hac\u00eda las mejoras.<\/strong> No encontraba esas mejoras que \u00e9l ten\u00eda. En Q1 estaba en el mismo tiempo y despu\u00e9s me ca\u00ed un poco. As\u00ed que hay que entender un poco las razones y el por qu\u00e9\u201d, analiz\u00f3.<\/p>\n<p id=\"p-1788630901670-40955\" data-start=\"3012\" data-end=\"3177\">El argentino explic\u00f3 que tuvo dificultades especialmente en algunas curvas y que <strong>no logr\u00f3 adaptarse de la misma manera<\/strong> a la evoluci\u00f3n de las condiciones de la pista.<\/p>\n<p id=\"p-1788630901670-97518\" data-start=\"3179\" data-end=\"3426\">\u201cHab\u00eda un poco m\u00e1s. Creo que un par de curvas me estuvieron costando toda la sesi\u00f3n. En la Q1 me sent\u00ed mejor, despu\u00e9s me<strong> empez\u00f3 a costar un poco m\u00e1s<\/strong>. No le encontr\u00e9 la vuelta cuando iba mejorando la pista. Eso fue un poco lo que me falt\u00f3\u201d, se\u00f1al\u00f3.<\/p>\n<p id=\"p-1788630901670-68498\" data-start=\"3428\" data-end=\"3564\">En ese contexto, <strong data-start=\"3445\" data-end=\"3563\">Colapinto destac\u00f3 la experiencia de Gasly como uno de los factores que explicaron la diferencia entre ambos Alpine<\/strong>. \u201cEs parte de la experiencia y lo que tengo que aprender de un piloto experimentado como Pierre, que al final da esos saltos muy grandes de sesi\u00f3n a sesi\u00f3n. Es la clave para llegar al final de la qualy bien, aprendiendo de la pista y de c\u00f3mo mejorar\u201d, sostuvo.<\/p>\n<p id=\"p-1788630901670-80225\" data-start=\"3906\" data-end=\"4069\">Aunque valor\u00f3 el resultado colectivo de Alpine, Colapinto reconoci\u00f3 que los <strong data-start=\"3982\" data-end=\"4000\">0.434 segundos<\/strong> que lo separaron de su compa\u00f1ero le dejaron una sensaci\u00f3n agridulce. \u201cObviamente contento con la qualy. Pero al estar lejos de Pierre, un poco amargo, aunque contento por el equipo. Estamos muy felices. Esperamos que lo puedan festejar antes de la carrera. Gran resultado, los dos autos en Q3, en Monza\u201d, se\u00f1al\u00f3.<\/p>\n<p id=\"p-1788630901670-55338\" data-start=\"4316\" data-end=\"4577\">M\u00e1s tarde volvi\u00f3 sobre su rendimiento y profundiz\u00f3 la autocr\u00edtica: \u201cHoy me cost\u00f3. <strong>No pude dar los saltos que dio Pierre<\/strong>. Eso es lo que debo mejorar. \u00c9l es bueno en dar esos saltos. Hay que ver por d\u00f3nde ir, para ver ese ritmo. Lo hizo mejor con su experiencia\u201d.<\/p>\n<p id=\"p-1788630901670-46466\" data-start=\"4579\" data-end=\"4833\">La jornada represent\u00f3, de todas maneras, un importante salto para Alpine, que consigui\u00f3 <strong>colocar sus dos monoplazas entre los diez mejores<\/strong> y logr\u00f3 la pole en un circuito en el que la velocidad punta y la eficiencia aerodin\u00e1mica resultan determinantes.<\/p>\n<h2 id=\"p-1788630901670-29478\" data-section-id=\"iu3y0c\" data-start=\"4835\" data-end=\"4893\">Las mejoras de Alpine que impulsaron el rendimiento<\/h2>\n<p id=\"p-1788630901670-12138\" data-start=\"4895\" data-end=\"5127\">El salto de rendimiento de la escuder\u00eda se produjo despu\u00e9s de las actualizaciones introducidas durante el <strong data-start=\"5001\" data-end=\"5036\">Gran Premio de los Pa\u00edses Bajos<\/strong>, en <strong data-start=\"5041\" data-end=\"5054\">Zandvoort<\/strong>, que inicialmente fueron utilizadas \u00fanicamente en el monoplaza de Gasly.<\/p>\n<p id=\"p-1788630901670-50209\" data-start=\"5129\" data-end=\"5303\">Colapinto valor\u00f3 el impacto que tuvieron esos cambios sobre el funcionamiento del equipo y consider\u00f3 que representaron un avance importante para la estructura de <strong data-start=\"5291\" data-end=\"5302\">Enstone<\/strong>.<\/p>\n<p id=\"p-1788630901670-86302\" data-start=\"5305\" data-end=\"5395\">\u201cLas mejoras fueron muy buenas. Nos dieron un salto muy grande, eso fue positivo\u201d, afirm\u00f3.<\/p>\n<p id=\"p-1788630901671-56920\" data-start=\"5397\" data-end=\"5628\">El argentino tambi\u00e9n insisti\u00f3 en que la clasificaci\u00f3n de su compa\u00f1ero deber\u00e1 servirle como referencia para las pr\u00f3ximas competencias: \u201cEn mi caso, aprender de la qualy de Pierre, que fue muy buena para dar un salto para el futuro\u201d.<\/p>\n<h2 id=\"p-1788630901671-94750\" data-section-id=\"1rm3fdd\" data-start=\"5630\" data-end=\"5693\">Colapinto buscar\u00e1 sumar puntos desde la s\u00e9ptima posici\u00f3n<\/h2>\n<p id=\"p-1788630901671-56993\" data-start=\"5695\" data-end=\"5882\">Ratificado recientemente como piloto titular de <strong data-start=\"5743\" data-end=\"5763\">Alpine para 2027<\/strong>, Colapinto afrontar\u00e1 ahora el Gran Premio de Italia desde la mejor ubicaci\u00f3n de partida de su carrera en la F\u00f3rmula 1.<\/p>\n<p id=\"p-1788630901671-71594\" data-start=\"5884\" data-end=\"6174\">El desaf\u00edo no ser\u00e1 sencillo por las caracter\u00edsticas de <strong data-start=\"5939\" data-end=\"5948\">Monza<\/strong> y la intensidad de una carrera en la que el tr\u00e1nsito y las estrategias pueden resultar determinantes. Sin embargo, <strong data-start=\"6064\" data-end=\"6173\">partir dentro de los diez primeros le abrir\u00e1 al argentino una oportunidad concreta para pelear por puntos<\/strong>. \u201cVa a ser duro, va a ser una carrera dura, larga, pero con posibilidades al largar entre los 10 para poder sumar\u201d, sostuvo Colapinto.<\/p>\n<p id=\"p-1788630901671-80296\" data-start=\"6311\" data-end=\"6553\" data-is-last-node=\"\" data-is-only-node=\"\">Alpine afrontar\u00e1 as\u00ed la carrera italiana desde una posici\u00f3n inesperada: <strong data-start=\"6383\" data-end=\"6466\">Gasly partir\u00e1 desde la pole position y Colapinto lo har\u00e1 desde el s\u00e9ptimo lugar<\/strong>, despu\u00e9s de conseguir la mejor clasificaci\u00f3n de su trayectoria en la m\u00e1xima categor\u00eda.<\/p>\n<\/div>\n<p><script>\n!function(f,b,e,v,n,t,s)\n{if(f.fbq)return;n=f.fbq=function(){n.callMethod?\nn.callMethod.apply(n,arguments):n.queue.push(arguments)};\nif(!f._fbq)f._fbq=n;n.push=n;n.loaded=!0;n.version='2.0';\nn.queue=[];t=b.createElement(e);t.async=!0;\nt.src=v;s=b.getElementsByTagName(e)[0];\ns.parentNode.insertBefore(t,s)}(window,document,'script',\n'https:\/\/connect.facebook.net\/en_US\/fbevents.js');\nfbq('init', '2047048335588113');\nfbq('track', 'PageView');\n<\/script><\/p>\n<p>Ambito.-<\/p>\n","protected":false},"excerpt":{"rendered":"<p>El franc\u00e9s marc\u00f3 1:21.786 y se qued\u00f3 con el primer puesto despu\u00e9s de superar por apenas 0.060 a George Russell, de Mercedes, y por 0.180 a Oscar Piastri, de McLaren. Colapinto, por su parte, registr\u00f3 1:22.220 y termin\u00f3 a 0.434 de su compa\u00f1ero. \u201cEs bastante incre\u00edble, creo que sorpresa para el equipo tambi\u00e9n. No es [&hellip;]<\/p>\n","protected":false},"author":1,"featured_media":256796,"comment_status":"closed","ping_status":"","sticky":false,"template":"","format":"standard","meta":{"footnotes":""},"categories":[7],"tags":[1111,1110],"class_list":["post-262697","post","type-post","status-publish","format-standard","has-post-thumbnail","category-deportes","tag-franco-colapinto","tag-fu00f3rmula-1"],"_links":{"self":[{"href":"https:\/\/chacosintesis.com.ar\/index.php\/wp-json\/wp\/v2\/posts\/262697","targetHints":{"allow":["GET"]}}],"collection":[{"href":"https:\/\/chacosintesis.com.ar\/index.php\/wp-json\/wp\/v2\/posts"}],"about":[{"href":"https:\/\/chacosintesis.com.ar\/index.php\/wp-json\/wp\/v2\/types\/post"}],"author":[{"embeddable":true,"href":"https:\/\/chacosintesis.com.ar\/index.php\/wp-json\/wp\/v2\/users\/1"}],"replies":[{"embeddable":true,"href":"https:\/\/chacosintesis.com.ar\/index.php\/wp-json\/wp\/v2\/comments?post=262697"}],"version-history":[{"count":0,"href":"https:\/\/chacosintesis.com.ar\/index.php\/wp-json\/wp\/v2\/posts\/262697\/revisions"}],"wp:featuredmedia":[{"embeddable":true,"href":"https:\/\/chacosintesis.com.ar\/index.php\/wp-json\/wp\/v2\/media\/256796"}],"wp:attachment":[{"href":"https:\/\/chacosintesis.com.ar\/index.php\/wp-json\/wp\/v2\/media?parent=262697"}],"wp:term":[{"taxonomy":"category","embeddable":true,"href":"https:\/\/chacosintesis.com.ar\/index.php\/wp-json\/wp\/v2\/categories?post=262697"},{"taxonomy":"post_tag","embeddable":true,"href":"https:\/\/chacosintesis.com.ar\/index.php\/wp-json\/wp\/v2\/tags?post=262697"}],"curies":[{"name":"wp","href":"https:\/\/api.w.org\/{rel}","templated":true}]}}