{"id":26267,"date":"2023-09-02T20:46:23","date_gmt":"2023-09-02T23:46:23","guid":{"rendered":"https:\/\/chacosintesis.com.ar\/?p=26267"},"modified":"2023-09-02T21:07:30","modified_gmt":"2023-09-03T00:07:30","slug":"nuevas-cuadras-de-pavimento-urbano-en-el-barrio-juan-de-garay","status":"publish","type":"post","link":"https:\/\/chacosintesis.com.ar\/index.php\/nuevas-cuadras-de-pavimento-urbano-en-el-barrio-juan-de-garay\/","title":{"rendered":"Nuevas cuadras de pavimento urbano en el barrio Juan de Garay"},"content":{"rendered":"<div class=\"postie-post\">Se trata de ocho cuadras sobre las calles Moreno y Nahuel Huapi. Las obras incluyen el sistema de desag\u00fce y, para poder ejecutarse, se necesitaba contar con una obra de infraestructura hidr\u00e1ulica esencial: la autov\u00eda de la ruta 11, que fue inaugurada recientemente.<br \/>\nEl gobernador Jorge Capitanich inaugur\u00f3 este s\u00e1bado ocho cuadras de pavimento urbano en el barrio Juan de Garay, de Resistencia. Las obras forman parte de un paquete estructural de 36 cuadras por una inversi\u00f3n de m\u00e1s de 1.145 millones de pesos.<br \/>\nFinanciada por el Ministerio de Planificaci\u00f3n, Econom\u00eda e Infraestructura, las obras consistieron en la pavimentaci\u00f3n de ocho cuadras del barrio ubicado en el oeste de la capital chaque\u00f1a, correspondientes a las calles Moreno y Nahuel Huapi. Las obras se completan con cord\u00f3n integral y el sistema de desag\u00fce correspondiente.<br \/>\nPara construir el pavimento del barrio Juan de Garay se necesitaba una obra de infraestructura hidr\u00e1ulica esencial: la autov\u00eda de la ruta 11, que fue inaugurada recientemente.  \u201cA partir de ahora se puede seguir pavimentando la zona, y es lo que vamos hacer porque est\u00e1s son las primeras cuadras de un total de 39\u201d, anticip\u00f3 Capitanich y asegur\u00f3 que se trabajar\u00e1 en las gestiones para ampliar la conexi\u00f3n a la red cloacal, que es uno de los principales pedidos de la comunidad.<br \/>\nLas cuadras pavimentadas son parte del plan de conectividad que el gobierno provincial lleva adelante en Resistencia, donde se ejecutan 818 cuadras de pavimento urbano. La iniciativa se incluye en el programa de 14.000 cuadras de pavimento urbano para toda la provincia, que representa el doble de lo que se paviment\u00f3 hist\u00f3ricamente. \u201cY esto pone en valor lo que queremos hacer en los pr\u00f3ximos cuatro a\u00f1os, que son 10.000 cuadras de pavimento urbano o m\u00e1s, con el objetivo de conectar los distintos complejos urbanos\u201d, inform\u00f3 Capitanich.<br \/>\nEl pavimento incrementa el valor del bien inmueble, ya que las y los vecinos se encargan de hacer obras como el acceso a los respectivos garajes, lo que permite la contrataci\u00f3n de alba\u00f1iles y compra de materiales; adem\u00e1s da la posibilidad de que puedan entrar ambulancia, patrullero, que docentes y alumnos puedan ir a la escuela en \u00e9poca de lluvia. \u201cHay una transformaci\u00f3n de la calidad de vida que es extraordinaria\u201d, asegur\u00f3 el gobernador.<br \/>\nEn la inauguraci\u00f3n acompa\u00f1aron al gobernador el ministro de Gobierno Juan Manuel Chapo y la directora de Medios P\u00fablicos de ECOM, Guillermina Capitanich.<br \/>\nLa vecina Ana Mert, se\u00f1al\u00f3 a la jornada como hist\u00f3rica. \u201cEra algo que anhel\u00e1bamos hace muchos a\u00f1os\u201d, coment\u00f3. Consider\u00f3 que el pavimento le dio vida al barrio y la posibilidad a los vecinos de mejorar la calidad de vida. \u201cGracias al gobernador, no hay palabras para agradecer\u201d, expres\u00f3.<br \/>\nCr\u00edpulo Britez, quien hace m\u00e1s de 50 a\u00f1os vive en el barrio Juan de Garay, consider\u00f3 que es un gran progreso para la zona. \u201cHac\u00eda falta porque cuando llov\u00eda era imposible salir, ahora vamos a estar mucho mejor\u201d, anticip\u00f3.<br \/>\nNelly Mart\u00ednez, docente que vive en el barrio hace muchos a\u00f1os, cont\u00f3 que antes ten\u00eda que hacer dedo cada vez que llov\u00eda para poder ir a trabajar, ya que las calles eran intransitables. Ahora est\u00e1 jubilada, pero debe concurrir a la salita peri\u00f3dicamente. \u201cVoy caminando por asfalto, ya no m\u00e1s por el barro\u201d, celebr\u00f3 y agreg\u00f3: \u201cEsto es una hermosura, es algo bueno es extraordinario para el barrio, ning\u00fan gobierno hizo esto por nosotros, solo Capitanich lo pod\u00eda hacer\u201d.<\/div>\n","protected":false},"excerpt":{"rendered":"<p>Se trata de ocho cuadras sobre las calles Moreno y Nahuel Huapi. Las obras incluyen el sistema de desag\u00fce y, para poder ejecutarse, se necesitaba contar con una obra de infraestructura hidr\u00e1ulica esencial: la autov\u00eda de la ruta 11, que fue inaugurada recientemente. El gobernador Jorge Capitanich inaugur\u00f3 este s\u00e1bado ocho cuadras de pavimento urbano [&hellip;]<\/p>\n","protected":false},"author":1,"featured_media":26268,"comment_status":"closed","ping_status":"closed","sticky":false,"template":"","format":"standard","meta":{"footnotes":""},"categories":[6],"tags":[],"class_list":{"0":"post-26267","1":"post","2":"type-post","3":"status-publish","4":"format-standard","5":"has-post-thumbnail","7":"category-chaco"},"_links":{"self":[{"href":"https:\/\/chacosintesis.com.ar\/index.php\/wp-json\/wp\/v2\/posts\/26267","targetHints":{"allow":["GET"]}}],"collection":[{"href":"https:\/\/chacosintesis.com.ar\/index.php\/wp-json\/wp\/v2\/posts"}],"about":[{"href":"https:\/\/chacosintesis.com.ar\/index.php\/wp-json\/wp\/v2\/types\/post"}],"author":[{"embeddable":true,"href":"https:\/\/chacosintesis.com.ar\/index.php\/wp-json\/wp\/v2\/users\/1"}],"replies":[{"embeddable":true,"href":"https:\/\/chacosintesis.com.ar\/index.php\/wp-json\/wp\/v2\/comments?post=26267"}],"version-history":[{"count":0,"href":"https:\/\/chacosintesis.com.ar\/index.php\/wp-json\/wp\/v2\/posts\/26267\/revisions"}],"wp:featuredmedia":[{"embeddable":true,"href":"https:\/\/chacosintesis.com.ar\/index.php\/wp-json\/wp\/v2\/media\/26268"}],"wp:attachment":[{"href":"https:\/\/chacosintesis.com.ar\/index.php\/wp-json\/wp\/v2\/media?parent=26267"}],"wp:term":[{"taxonomy":"category","embeddable":true,"href":"https:\/\/chacosintesis.com.ar\/index.php\/wp-json\/wp\/v2\/categories?post=26267"},{"taxonomy":"post_tag","embeddable":true,"href":"https:\/\/chacosintesis.com.ar\/index.php\/wp-json\/wp\/v2\/tags?post=26267"}],"curies":[{"name":"wp","href":"https:\/\/api.w.org\/{rel}","templated":true}]}}