{"id":262648,"date":"2026-09-05T14:07:03","date_gmt":"2026-09-05T17:07:03","guid":{"rendered":"https:\/\/chacosintesis.com.ar\/index.php\/murio-el-actor-y-modelo-cristian-belec-a-los-47-anos-_a6a9c4948a03819e613132254\/"},"modified":"2026-09-05T14:07:03","modified_gmt":"2026-09-05T17:07:03","slug":"murio-el-actor-y-modelo-cristian-belec-a-los-47-anos-_a6a9c4948a03819e613132254","status":"publish","type":"post","link":"https:\/\/chacosintesis.com.ar\/index.php\/murio-el-actor-y-modelo-cristian-belec-a-los-47-anos-_a6a9c4948a03819e613132254\/","title":{"rendered":"Muri\u00f3 el actor y modelo Cristian Belec, a los 47 a\u00f1os"},"content":{"rendered":"<p><img decoding=\"async\" src=\"https:\/\/chacosintesis.com.ar\/wp-content\/uploads\/2026\/09\/Murio-el-actor-y-modelo-Cristian-Belec-a-los-47.jpeg\" \/><\/p>\n<div itemprop=\"articleBody\">\n<p><strong>Buenos Aires, 5 septiembre (NA) <\/strong>&#8212; El actor y moddelo argentino <strong>Cristian Belec muri\u00f3 a los 47 a\u00f1os,<\/strong> tras haber dejado una extensa trayectoria en televisi\u00f3n, cine y producciones de moda.<\/p>\n<p>El lamentable deceso fue confirmado por la <strong>Asociaci\u00f3n Argentina de Actores y Actrices, entidad a la que estaba afiliado desde 2016.<\/strong><\/p>\n<p>Su nombre completo era <strong>Carlos Cristian Belec y construy\u00f3 buena parte de su carrera como modelo publicitario, <\/strong>con participaciones en campa\u00f1as y<strong> producciones fotogr\u00e1ficas tanto nacionales como internacionales.<\/strong> Su recorrido tambi\u00e9n incluy\u00f3 videoclips y distintos trabajos vinculados con la industria audiovisual.<\/p>\n<p>En televisi\u00f3n, tuvo una participaci\u00f3n en <strong>\u201c100 d\u00edas para enamorarse\u201d<\/strong>, la ficci\u00f3n de Telefe emitida en 2018. Tambi\u00e9n form\u00f3 parte del cortometraje La visita y de los videoclips \u201cEl buen bailar\u00edn\u201d, de Sindicato Mono; \u201cP\u00e1nico\u201d, de Starpunks; y \u201cTu luz en m\u00ed\u201d, de Corto Plazo.<\/p>\n<p><tadevel-ad  class=\"block-4d\" slot-id=\"article-inline-01\"\/><\/p>\n<p>Agencia NA<\/p>\n<\/div>\n<p><img decoding=\"async\" src=\"https:\/\/chacosintesis.com.ar\/wp-content\/uploads\/2026\/09\/1788628023_798_Murio-el-actor-y-modelo-Cristian-Belec-a-los-47.jpeg\"><\/p>\n<p>Noticias Argentinas<\/p>\n","protected":false},"excerpt":{"rendered":"<p>Buenos Aires, 5 septiembre (NA) &#8212; El actor y moddelo argentino Cristian Belec muri\u00f3 a los 47 a\u00f1os, tras haber dejado una extensa trayectoria en televisi\u00f3n, cine y producciones de moda. El lamentable deceso fue confirmado por la Asociaci\u00f3n Argentina de Actores y Actrices, entidad a la que estaba afiliado desde 2016. Su nombre completo [&hellip;]<\/p>\n","protected":false},"author":1,"featured_media":262649,"comment_status":"closed","ping_status":"","sticky":false,"template":"","format":"standard","meta":{"footnotes":""},"categories":[188],"tags":[],"class_list":["post-262648","post","type-post","status-publish","format-standard","has-post-thumbnail","category-farandula"],"_links":{"self":[{"href":"https:\/\/chacosintesis.com.ar\/index.php\/wp-json\/wp\/v2\/posts\/262648","targetHints":{"allow":["GET"]}}],"collection":[{"href":"https:\/\/chacosintesis.com.ar\/index.php\/wp-json\/wp\/v2\/posts"}],"about":[{"href":"https:\/\/chacosintesis.com.ar\/index.php\/wp-json\/wp\/v2\/types\/post"}],"author":[{"embeddable":true,"href":"https:\/\/chacosintesis.com.ar\/index.php\/wp-json\/wp\/v2\/users\/1"}],"replies":[{"embeddable":true,"href":"https:\/\/chacosintesis.com.ar\/index.php\/wp-json\/wp\/v2\/comments?post=262648"}],"version-history":[{"count":0,"href":"https:\/\/chacosintesis.com.ar\/index.php\/wp-json\/wp\/v2\/posts\/262648\/revisions"}],"wp:featuredmedia":[{"embeddable":true,"href":"https:\/\/chacosintesis.com.ar\/index.php\/wp-json\/wp\/v2\/media\/262649"}],"wp:attachment":[{"href":"https:\/\/chacosintesis.com.ar\/index.php\/wp-json\/wp\/v2\/media?parent=262648"}],"wp:term":[{"taxonomy":"category","embeddable":true,"href":"https:\/\/chacosintesis.com.ar\/index.php\/wp-json\/wp\/v2\/categories?post=262648"},{"taxonomy":"post_tag","embeddable":true,"href":"https:\/\/chacosintesis.com.ar\/index.php\/wp-json\/wp\/v2\/tags?post=262648"}],"curies":[{"name":"wp","href":"https:\/\/api.w.org\/{rel}","templated":true}]}}