{"id":26263,"date":"2023-09-02T20:44:10","date_gmt":"2023-09-02T23:44:10","guid":{"rendered":"https:\/\/chacosintesis.com.ar\/?p=26263"},"modified":"2023-09-02T21:07:17","modified_gmt":"2023-09-03T00:07:17","slug":"gracias-por-crear-y-generar-trabajo-por-hacer-de-chaco-una-provincia-que-merezca-ser-vivida","status":"publish","type":"post","link":"https:\/\/chacosintesis.com.ar\/index.php\/gracias-por-crear-y-generar-trabajo-por-hacer-de-chaco-una-provincia-que-merezca-ser-vivida\/","title":{"rendered":"\u201cGracias por crear y generar trabajo, por hacer de Chaco una provincia que merezca ser vivida\u201d"},"content":{"rendered":"<div class=\"postie-post\">En el d\u00eda de la Industria Nacional, el mandatario reafirm\u00f3 el acompa\u00f1amiento del Estado por medio de promociones industriales y festej\u00f3 que se pueda celebrar con la generaci\u00f3n de m\u00e1s industrias y puestos de trabajo.<br \/>\nLuego de las inauguraciones acompa\u00f1adas por el gobernador Jorge Capitanich que contemplaron la f\u00e1brica de pelotas Kagiva y la planta textil Altotek, el mandatario encabez\u00f3 al mediod\u00eda en el Hotel Amerian el acto en conmemoraci\u00f3n por el d\u00eda de la industria. Durante la jornada, adem\u00e1s del almuerzo en agasajo al sector, se realiz\u00f3 una muestra de la industria chaque\u00f1a.<br \/>\n\u201cGracias por sentir la pasi\u00f3n de hacer, gracias por hacer de Chaco una provincia que merezca ser vivida, gracias por crear y generar trabajo, porque finalmente es la fuente de dignidad de todas las personas\u201d, expres\u00f3 el mandatario durante el encuentro, que cont\u00f3 con la participaci\u00f3n de 240 empresarios industriales.<br \/>\nEn ese sentido, Capitanich sostuvo que la mejor manera de celebrar el d\u00eda es con la inauguraci\u00f3n de nuevas f\u00e1bricas. \u201cLa apertura de Kagiva y Altotek, conjuntamente con los m\u00faltiples emprendimientos que tenemos que van desde callcenter hasta frigor\u00edficos, nos permitir\u00e1n llegar en el segundo semestre del a\u00f1o a una meta de 5 mil empleos directos e indirectos con valor agregado industrial a trav\u00e9s de nuestras cadenas productivas\u201d, indic\u00f3.<br \/>\nAdem\u00e1s, el mandatario asegur\u00f3 que \u201ceste es un d\u00eda que lo conmemoramos con mucha alegr\u00eda porque porque lo estamos llevando adelante con m\u00e1s industria y m\u00e1s trabajadores trabajando\u201d.<br \/>\nPor otro lado, record\u00f3 c\u00f3mo cambi\u00f3 la situaci\u00f3n provincial desde la asunci\u00f3n de su primer mandato en el 2007. \u201cHoy tenemos gas, agua potable, m\u00e1s cloacas, m\u00e1s energ\u00eda el\u00e9ctrica urbana y rural, fibra \u00f3ptica de internet y \u00faltima milla en 70 localidades con sus respectivos procesos de extensi\u00f3n\u201d, record\u00f3 y a\u00f1adi\u00f3 \u201ctenemos, cerca de 600 productos chaque\u00f1os que ser\u00e1n mil, lo que significa valor agregado industrial y empresas que son l\u00edderes\u201d.<br \/>\nA su vez, el gobernador compar\u00f3 sus gestiones con las de la oposici\u00f3n y record\u00f3 que en materia de promoci\u00f3n industrial, Rozas y Nikisch impulsaron 37 proyectos industriales. \u201cNosotros ya tenemos 236 y con los que est\u00e1n en proceso ser\u00e1n cerca de 321 y en total, cerca de 450 industrias con distintos grados de ejecuci\u00f3n\u201d.<br \/>\nAdem\u00e1s, sostuvo que la industria es no solamente la generaci\u00f3n de valor agregado, sino que es generaci\u00f3n de trabajo y en ese sentido agradeci\u00f3 que en estas \u00e9pocas de turbulencias las industrias \u201csean capaces de crear y de invertir para generar trabajos de calidad para muchas familias\u201d.<br \/>\nPor \u00faltimo, expres\u00f3: \u201cQuiero agradecerles en nombre del pa\u00eds, en nombre del Chaco, y decir que si hay un orgullo personal que tengo es que nunca vot\u00e9 una ley como senador en contra de los intereses del pa\u00eds y de la producci\u00f3n industrial, ni tampoco como gobernador\u201d.<br \/>\nAcompa\u00f1aron al gobernador el ministro de Producci\u00f3n, Industria y Empleo, Sebasti\u00e1n Lifton; la subsecretaria de Industria, Laura Binaghi; el presidente de CAME, Alfredo Gonz\u00e1lez; la secretaria de Capacitaci\u00f3n de la CAME Beatr\u00edz Tourn y 240 industriales entre los que se encontraron los titulares de la f\u00e1brica de pelotas recientemente inaugurada, Kagiva.<br \/>\n\u201cEs muy bueno estar acompa\u00f1ado por un Estado provincial para llevar adelante los proyectos\u201d<br \/>\nEl presidente de Confederaci\u00f3n Argentina de la Mediana Empresa (CAME), Alfredo Gonz\u00e1lez, agradeci\u00f3 al gobernador y a todo el equipo de ministros. \u201cNuestro sector interact\u00faa directamente con el ministro Sebasti\u00e1n Lifton, a quien le agradecemos porque siempre tiene la puerta abierta para los industriales y siempre tiene alguna respuesta para brindarnos\u201d, indic\u00f3 y manifest\u00f3 que \u201ces muy bueno estar acompa\u00f1ado por un Estado provincial y por las municipalidades para poder llevar adelante los proyectos productivos\u201d.<br \/>\nExplic\u00f3 que m\u00e1s del 70 por ciento de la industria argentina est\u00e1 en el cord\u00f3n que abarca la zona entre la provincia de Buenos Aires y la localidad de Rosario y por eso \u201ces importante que desde el lugar que estamos colaboremos para que se fortalezcan cada vez m\u00e1s las industrias. Estas son las que generan arraigo y ese arraigo genera un desarrollo y un crecimiento de las ciudades\u201d, remarc\u00f3 Gonz\u00e1lez.<br \/>\nPor su parte, la secretaria de Capacitaci\u00f3n de CAME, Beatriz Tourn, cont\u00f3 que se trabaja d\u00eda a d\u00eda para hacer crecer los emprendimientos de las industrias. \u201cYo tambi\u00e9n soy industrial y s\u00e9 de las dificultades, pero tambi\u00e9n s\u00e9 que tenemos una gesti\u00f3n tanto de la provincia, como de las entidades que trabajan y se esfuerzan para poder salir adelante\u201d, indic\u00f3 y agreg\u00f3 \u201cdesde la CAME trabajamos en todo el pa\u00eds para que las industrias crezcan y sigan generando trabajo, por eso es importante confiar en el gobernador y seguir apostando porque sabemos y confiamos en que vendr\u00e1n tiempos mejores\u201d.<\/div>\n","protected":false},"excerpt":{"rendered":"<p>En el d\u00eda de la Industria Nacional, el mandatario reafirm\u00f3 el acompa\u00f1amiento del Estado por medio de promociones industriales y festej\u00f3 que se pueda celebrar con la generaci\u00f3n de m\u00e1s industrias y puestos de trabajo. Luego de las inauguraciones acompa\u00f1adas por el gobernador Jorge Capitanich que contemplaron la f\u00e1brica de pelotas Kagiva y la planta [&hellip;]<\/p>\n","protected":false},"author":1,"featured_media":26264,"comment_status":"closed","ping_status":"closed","sticky":false,"template":"","format":"standard","meta":{"footnotes":""},"categories":[6],"tags":[],"class_list":{"0":"post-26263","1":"post","2":"type-post","3":"status-publish","4":"format-standard","5":"has-post-thumbnail","7":"category-chaco"},"_links":{"self":[{"href":"https:\/\/chacosintesis.com.ar\/index.php\/wp-json\/wp\/v2\/posts\/26263","targetHints":{"allow":["GET"]}}],"collection":[{"href":"https:\/\/chacosintesis.com.ar\/index.php\/wp-json\/wp\/v2\/posts"}],"about":[{"href":"https:\/\/chacosintesis.com.ar\/index.php\/wp-json\/wp\/v2\/types\/post"}],"author":[{"embeddable":true,"href":"https:\/\/chacosintesis.com.ar\/index.php\/wp-json\/wp\/v2\/users\/1"}],"replies":[{"embeddable":true,"href":"https:\/\/chacosintesis.com.ar\/index.php\/wp-json\/wp\/v2\/comments?post=26263"}],"version-history":[{"count":0,"href":"https:\/\/chacosintesis.com.ar\/index.php\/wp-json\/wp\/v2\/posts\/26263\/revisions"}],"wp:featuredmedia":[{"embeddable":true,"href":"https:\/\/chacosintesis.com.ar\/index.php\/wp-json\/wp\/v2\/media\/26264"}],"wp:attachment":[{"href":"https:\/\/chacosintesis.com.ar\/index.php\/wp-json\/wp\/v2\/media?parent=26263"}],"wp:term":[{"taxonomy":"category","embeddable":true,"href":"https:\/\/chacosintesis.com.ar\/index.php\/wp-json\/wp\/v2\/categories?post=26263"},{"taxonomy":"post_tag","embeddable":true,"href":"https:\/\/chacosintesis.com.ar\/index.php\/wp-json\/wp\/v2\/tags?post=26263"}],"curies":[{"name":"wp","href":"https:\/\/api.w.org\/{rel}","templated":true}]}}