{"id":262594,"date":"2026-09-05T11:05:06","date_gmt":"2026-09-05T14:05:06","guid":{"rendered":"https:\/\/chacosintesis.com.ar\/index.php\/alpha-media-inicia-la-gestion-artistica-administrativa-y-comercial-de-fm-vale-97-5_a6a9b3764932dd641a7980179\/"},"modified":"2026-09-05T11:05:06","modified_gmt":"2026-09-05T14:05:06","slug":"alpha-media-inicia-la-gestion-artistica-administrativa-y-comercial-de-fm-vale-97-5_a6a9b3764932dd641a7980179","status":"publish","type":"post","link":"https:\/\/chacosintesis.com.ar\/index.php\/alpha-media-inicia-la-gestion-artistica-administrativa-y-comercial-de-fm-vale-97-5_a6a9b3764932dd641a7980179\/","title":{"rendered":"Alpha Media inicia la gesti\u00f3n art\u00edstica, administrativa y comercial de FM Vale 97.5"},"content":{"rendered":"<p><img decoding=\"async\" src=\"https:\/\/chacosintesis.com.ar\/wp-content\/uploads\/2026\/09\/Alpha-Media-inicia-la-gestion-artistica-administrativa-y-comercial-de.jpeg\" \/><\/p>\n<div itemprop=\"articleBody\">\n<p><strong>Buenos Aires, 4 septiembre (NA)<\/strong> \u2013 <strong>Alpha Media Group<\/strong> anunci\u00f3 que, a partir de este viernes, tendr\u00e1 a su cargo la gesti\u00f3n art\u00edstica, administrativa y comercial de <strong>FM Vale 97.5<\/strong>, emisora de perfil musical que transmite desde la Ciudad de Buenos Aires.<\/p>\n<p>Seg\u00fan inform\u00f3 la compa\u00f1\u00eda, la nueva etapa comprender\u00e1 la planificaci\u00f3n y gesti\u00f3n de la programaci\u00f3n, la administraci\u00f3n general de la radio y el desarrollo de su operaci\u00f3n comercial.<\/p>\n<p>La empresa precis\u00f3 que <strong>FM Vale 97.5 mantendr\u00e1 su identidad y su propuesta musical<\/strong>, con el objetivo de continuar fortaleciendo el v\u00ednculo construido con sus oyentes a lo largo de su trayectoria.<\/p>\n<p>Con esta incorporaci\u00f3n, <strong>Alpha Media Group ampl\u00eda su presencia en el mercado radiof\u00f3nico argentino<\/strong> y suma una nueva se\u00f1al a su portfolio de medios y plataformas.<\/p>\n<p><tadevel-ad  class=\"block-4d\" slot-id=\"article-inline-01\"\/><\/p>\n<p>El grupo integra actualmente <strong>Radio Rivadavia AM 630, Rock &amp; Pop 95.9, Splendid AM 990, Metro Power Hits 95.1, LT3 AM 680, Radio Colonia AM 550, Info 95.5, La Uno, El Ojo del Arte y la Agencia Noticias Argentinas<\/strong>, entre otras marcas y contenidos.<\/p>\n<p>Desde Alpha Media destacaron que la nueva gesti\u00f3n de <strong>FM Vale 97.5<\/strong> se inscribe en la estrategia de expansi\u00f3n del grupo y en su apuesta por el desarrollo de contenidos dirigidos a diferentes audiencias.<\/p>\n<p>Agencia NA<\/p>\n<\/div>\n<p><img decoding=\"async\" src=\"https:\/\/chacosintesis.com.ar\/wp-content\/uploads\/2026\/09\/1788617106_439_Alpha-Media-inicia-la-gestion-artistica-administrativa-y-comercial-de.jpeg\"><\/p>\n<p>Noticias Argentinas<\/p>\n","protected":false},"excerpt":{"rendered":"<p>Buenos Aires, 4 septiembre (NA) \u2013 Alpha Media Group anunci\u00f3 que, a partir de este viernes, tendr\u00e1 a su cargo la gesti\u00f3n art\u00edstica, administrativa y comercial de FM Vale 97.5, emisora de perfil musical que transmite desde la Ciudad de Buenos Aires. Seg\u00fan inform\u00f3 la compa\u00f1\u00eda, la nueva etapa comprender\u00e1 la planificaci\u00f3n y gesti\u00f3n de [&hellip;]<\/p>\n","protected":false},"author":1,"featured_media":262595,"comment_status":"closed","ping_status":"","sticky":false,"template":"","format":"standard","meta":{"footnotes":""},"categories":[188],"tags":[],"class_list":["post-262594","post","type-post","status-publish","format-standard","has-post-thumbnail","category-farandula"],"_links":{"self":[{"href":"https:\/\/chacosintesis.com.ar\/index.php\/wp-json\/wp\/v2\/posts\/262594","targetHints":{"allow":["GET"]}}],"collection":[{"href":"https:\/\/chacosintesis.com.ar\/index.php\/wp-json\/wp\/v2\/posts"}],"about":[{"href":"https:\/\/chacosintesis.com.ar\/index.php\/wp-json\/wp\/v2\/types\/post"}],"author":[{"embeddable":true,"href":"https:\/\/chacosintesis.com.ar\/index.php\/wp-json\/wp\/v2\/users\/1"}],"replies":[{"embeddable":true,"href":"https:\/\/chacosintesis.com.ar\/index.php\/wp-json\/wp\/v2\/comments?post=262594"}],"version-history":[{"count":0,"href":"https:\/\/chacosintesis.com.ar\/index.php\/wp-json\/wp\/v2\/posts\/262594\/revisions"}],"wp:featuredmedia":[{"embeddable":true,"href":"https:\/\/chacosintesis.com.ar\/index.php\/wp-json\/wp\/v2\/media\/262595"}],"wp:attachment":[{"href":"https:\/\/chacosintesis.com.ar\/index.php\/wp-json\/wp\/v2\/media?parent=262594"}],"wp:term":[{"taxonomy":"category","embeddable":true,"href":"https:\/\/chacosintesis.com.ar\/index.php\/wp-json\/wp\/v2\/categories?post=262594"},{"taxonomy":"post_tag","embeddable":true,"href":"https:\/\/chacosintesis.com.ar\/index.php\/wp-json\/wp\/v2\/tags?post=262594"}],"curies":[{"name":"wp","href":"https:\/\/api.w.org\/{rel}","templated":true}]}}