{"id":262591,"date":"2026-09-05T11:04:07","date_gmt":"2026-09-05T14:04:07","guid":{"rendered":"https:\/\/chacosintesis.com.ar\/index.php\/charata-joven-resulto-herido-tras-caer-a-un-canal-con-su-moto\/"},"modified":"2026-09-05T11:04:09","modified_gmt":"2026-09-05T14:04:09","slug":"charata-joven-resulto-herido-tras-caer-a-un-canal-con-su-moto","status":"publish","type":"post","link":"https:\/\/chacosintesis.com.ar\/index.php\/charata-joven-resulto-herido-tras-caer-a-un-canal-con-su-moto\/","title":{"rendered":"CHARATA: Joven Result\u00f3 Herido Tras Caer A Un Canal Con Su Moto"},"content":{"rendered":"<p><img decoding=\"async\" src=\"\"><\/p>\n<div id=\"post-382986\">\n<p><\/p>\n<div class=\"single-post-image\">\n<figure><\/figure>\n<\/p><\/div>\n<p><!-- .single-post-image --><br \/>\n\t\t<!-- .entry-header --><\/p>\n<div class=\"entry-content\">\n<p>Tras el aviso, personal de la Comisar\u00eda Segunda de Charata acudi\u00f3 al lugar y solicit\u00f3 una ambulancia para trasladar al motociclista al Hospital Enrique V. de Llamas.<\/p>\n<p>De acuerdo con el informe m\u00e9dico preliminar, present\u00f3 politraumatismos, fractura expuesta de antebrazo izquierdo y pierna derecha, fractura expuesta de f\u00e9mur en la pierna izquierda y fractura de tibia y peron\u00e9.<\/p>\n<p>Debido a la gravedad de las lesiones, el joven fue derivado al Hospital 4 de Junio de Presidencia Roque S\u00e1enz Pe\u00f1a para recibir atenci\u00f3n especializada.<\/p>\n<p>La Fiscal\u00eda de Investigaci\u00f3n Penal N\u00b0 1, a cargo de la Dra. Anah\u00ed Fern\u00e1ndez, dispuso la realizaci\u00f3n del acta de constataci\u00f3n, tomas fotogr\u00e1ficas y el secuestro preventivo de la motocicleta. Intervino personal de la Comisar\u00eda Segunda, con colaboraci\u00f3n del Grupo C.O.M.<\/p>\n<p>Fuente El Movilero<\/p>\n<div class=\"heateor_sss_sharing_container heateor_sss_horizontal_sharing\" data-heateor-sss-href=\"https:\/\/www.noticiasdelparana.com.ar\/NuevaEdicion\/2026\/09\/05\/charata-joven-resulto-herido-tras-caer-a-un-canal-con-su-moto\/\">\n<p>Compart\u00ed esta nota en tus redes sociales&#8230;<\/p>\n<\/div><\/div>\n<p><!-- .entry-content --><\/p>\n<p>\t<!-- .entry-footer -->\n<\/div>\n<\/p>\n<p><strong>Seguinos para m\u00e1s informaci\u00f3n actualizada.<\/strong><\/p>\n","protected":false},"excerpt":{"rendered":"<p>Tras el aviso, personal de la Comisar\u00eda Segunda de Charata acudi\u00f3 al lugar y solicit\u00f3 una ambulancia para trasladar al motociclista al Hospital Enrique V. de Llamas. De acuerdo con el informe m\u00e9dico preliminar, present\u00f3 politraumatismos, fractura expuesta de antebrazo izquierdo y pierna derecha, fractura expuesta de f\u00e9mur en la pierna izquierda y fractura de [&hellip;]<\/p>\n","protected":false},"author":1,"featured_media":262592,"comment_status":"closed","ping_status":"","sticky":false,"template":"","format":"standard","meta":{"footnotes":""},"categories":[5],"tags":[],"class_list":["post-262591","post","type-post","status-publish","format-standard","has-post-thumbnail","category-policiales"],"_links":{"self":[{"href":"https:\/\/chacosintesis.com.ar\/index.php\/wp-json\/wp\/v2\/posts\/262591","targetHints":{"allow":["GET"]}}],"collection":[{"href":"https:\/\/chacosintesis.com.ar\/index.php\/wp-json\/wp\/v2\/posts"}],"about":[{"href":"https:\/\/chacosintesis.com.ar\/index.php\/wp-json\/wp\/v2\/types\/post"}],"author":[{"embeddable":true,"href":"https:\/\/chacosintesis.com.ar\/index.php\/wp-json\/wp\/v2\/users\/1"}],"replies":[{"embeddable":true,"href":"https:\/\/chacosintesis.com.ar\/index.php\/wp-json\/wp\/v2\/comments?post=262591"}],"version-history":[{"count":1,"href":"https:\/\/chacosintesis.com.ar\/index.php\/wp-json\/wp\/v2\/posts\/262591\/revisions"}],"predecessor-version":[{"id":262593,"href":"https:\/\/chacosintesis.com.ar\/index.php\/wp-json\/wp\/v2\/posts\/262591\/revisions\/262593"}],"wp:featuredmedia":[{"embeddable":true,"href":"https:\/\/chacosintesis.com.ar\/index.php\/wp-json\/wp\/v2\/media\/262592"}],"wp:attachment":[{"href":"https:\/\/chacosintesis.com.ar\/index.php\/wp-json\/wp\/v2\/media?parent=262591"}],"wp:term":[{"taxonomy":"category","embeddable":true,"href":"https:\/\/chacosintesis.com.ar\/index.php\/wp-json\/wp\/v2\/categories?post=262591"},{"taxonomy":"post_tag","embeddable":true,"href":"https:\/\/chacosintesis.com.ar\/index.php\/wp-json\/wp\/v2\/tags?post=262591"}],"curies":[{"name":"wp","href":"https:\/\/api.w.org\/{rel}","templated":true}]}}