{"id":262578,"date":"2026-09-05T10:05:57","date_gmt":"2026-09-05T13:05:57","guid":{"rendered":"https:\/\/chacosintesis.com.ar\/index.php\/franco-colapinto-se-prepara-para-la-clasificacion-de-hoy-tras-terminar-10-con-las-mejoras-de-alpine-horario-y-donde-ver\/"},"modified":"2026-09-05T10:05:57","modified_gmt":"2026-09-05T13:05:57","slug":"franco-colapinto-se-prepara-para-la-clasificacion-de-hoy-tras-terminar-10-con-las-mejoras-de-alpine-horario-y-donde-ver","status":"publish","type":"post","link":"https:\/\/chacosintesis.com.ar\/index.php\/franco-colapinto-se-prepara-para-la-clasificacion-de-hoy-tras-terminar-10-con-las-mejoras-de-alpine-horario-y-donde-ver\/","title":{"rendered":"Franco Colapinto se prepara para la clasificaci\u00f3n de hoy tras terminar 10\u00b0 con las mejoras de Alpine: horario y d\u00f3nde ver"},"content":{"rendered":"<p><img decoding=\"async\" src=\"https:\/\/chacosintesis.com.ar\/wp-content\/uploads\/2026\/09\/Franco-Colapinto-se-prepara-para-la-clasificacion-de-hoy-tras.jpg\" \/><\/p>\n<div id=\"\">\n<p id=\"p-1788611950193-93681\" class=\"\"><strong><a href=\"https:\/\/www.ambito.com\/deportes\/franco-colapinto-hablo-el-retiro-lionel-messi-y-lo-comparo-su-renovacion-alpine-estoy-mas-triste-que-feliz-n6318270\" target=\"_blank\" rel=\"follow\">Franco Colapinto<\/a><\/strong> afrontar\u00e1 este s\u00e1bado la <strong>clasificaci\u00f3n del Gran Premio de Italia<\/strong> despu\u00e9s de cerrar una positiva tercera pr\u00e1ctica libre en Monza. El argentino termin\u00f3 <strong>10\u00b0 con un tiempo de 1:23.101<\/strong>, mientras que su compa\u00f1ero Pierre Gasly fue noveno con 1:22.898. La clasificaci\u00f3n comenzar\u00e1 a las <strong>11:00, hora de Argentina<\/strong>, y definir\u00e1 la grilla de partida para la carrera del domingo.<\/p>\n<\/div>\n<div id=\"\">\n<p id=\"p-1788611950193-36247\" class=\"\">El rendimiento mostrado por <strong><a href=\"https:\/\/www.ambito.com\/deportes\/colapinto-mira-atencion-flavio-briatore-acuso-mclaren-chantaje-la-previa-del-gran-premio-monza-n6318793\" target=\"_blank\" rel=\"follow\"> Alpine <\/a><\/strong> en la FP3 permiti\u00f3 que la escuder\u00eda colocara a sus dos autos <strong>dentro del Top 10<\/strong>. Colapinto, adem\u00e1s, <strong>volvi\u00f3 a mostrarse competitivo <\/strong>despu\u00e9s de <strong>haber terminado 9\u00b0 en la FP1 y 11\u00b0 en la FP2<\/strong>.<\/p>\n<\/div>\n<div id=\"\">\n<p id=\"p-1788611950193-42185\" class=\"\"> En la \u00faltima pr\u00e1ctica, el argentino comenz\u00f3 con neum\u00e1ticos medios nuevos y sali\u00f3 temprano a pista. Durante los primeros minutos trabaj\u00f3 junto a Gasly en la succi\u00f3n, un aspecto importante en un circuito caracterizado por sus largas rectas. Despu\u00e9s de siete vueltas, su mejor registro era de 1:23.766. M\u00e1s tarde volvi\u00f3 a salir con el mismo compuesto para trabajar en ritmo de carrera y lleg\u00f3 a completar 16 giros.<\/p>\n<\/div>\n<div id=\"\">\n<p id=\"p-1788611950193-19802\" class=\"\">Para la simulaci\u00f3n de clasificaci\u00f3n, Colapinto coloc\u00f3 neum\u00e1ticos blandos y marc\u00f3 1:23.101. Ese tiempo inicialmente lo llev\u00f3 al octavo lugar y fue conseguido sin contar con succi\u00f3n.<\/p>\n<\/div>\n<div id=\"\">\n<p id=\"p-1788611950193-10192\" class=\"\">Con las mejoras del resto de los pilotos, finalmente qued\u00f3 d\u00e9cimo, a 882 mil\u00e9simas del Mercedes de George Russell, que fue el m\u00e1s r\u00e1pido. Gasly, por su parte, termin\u00f3 noveno.<\/p>\n<\/div>\n<div id=\"\">\n<h2 id=\"p-1788611950193-96862\">C\u00f3mo llega Colapinto a la clasificaci\u00f3n<\/h2>\n<p id=\"p-1788611950193-68040\" class=\"\">Monza representa el primer viernes en el que<strong> Alpine utiliz\u00f3 en el auto de Colapinto el paquete de mejoras que Gasly ya hab\u00eda llevado en Zandvoort <\/strong>y las sensaciones del pilarense mejoraron. El argentino comenz\u00f3 el fin de semana con un noveno puesto en la FP1, donde registr\u00f3 1:24.028 con neum\u00e1ticos medios. Sin embargo, sufri\u00f3 una p\u00e9rdida de potencia cuando buscaba su vuelta r\u00e1pida con blandos y no pudo completar la simulaci\u00f3n de clasificaci\u00f3n. Seg\u00fan hab\u00eda se\u00f1alado, ten\u00eda margen para bajar hasta cinco d\u00e9cimas su registro.<\/p>\n<p id=\"p-1788611950193-98320\" class=\"\">En esa primera pr\u00e1ctica tambi\u00e9n se mostr\u00f3 conforme con el rendimiento del auto en las tandas largas: <strong>\u201cEl FP1 hab\u00eda sido muy positivo<\/strong>, el long run hab\u00eda sido muy bueno. Con las medias hab\u00eda hecho un tiempo muy r\u00e1pido y ten\u00eda mucho para mejorar\u201d, explic\u00f3 despu\u00e9s de bajarse del Alpine.<\/p>\n<p id=\"p-1788611950193-89760\" class=\"\">Las sensaciones cambiaron durante la FP2. Colapinto complet\u00f3 27 vueltas y mejor\u00f3 su tiempo hasta 1:23.619, pero termin\u00f3 11\u00b0 y no encontr\u00f3 el mismo funcionamiento del auto: \u201cEstamos un poquito perdidos. Creo que dimos un paso para atr\u00e1s\u201d, reconoci\u00f3.<\/p>\n<p id=\"p-1788611950193-79720\" class=\"\">La tercera pr\u00e1ctica, sin embargo, volvi\u00f3 a mostrarlo dentro del Top 10 y dej\u00f3 a Alpine con sus dos autos entre los diez mejores de la sesi\u00f3n.<\/p>\n<h2 id=\"p-1788611950193-10555\">C\u00f3mo es el circuito de Monza<\/h2>\n<p id=\"p-1788611950193-15543\" class=\"\">El <strong>Autodromo Nazionale di Monza<\/strong> tiene 5,793 kil\u00f3metros y 11 curvas. Es uno de los trazados m\u00e1s r\u00e1pidos del campeonato y se caracteriza por sus largas rectas, que llevan a los equipos a reducir al m\u00ednimo la carga aerodin\u00e1mica para conseguir mayor velocidad.<\/p>\n<p id=\"p-1788611950193-52187\" class=\"\">Entre sus principales sectores aparecen la <strong>Variante del Rettifilo<\/strong>, la Variante della Roggia, las dos curvas de Lesmo, la Variante Ascari y la Curva Alboreto, conocida como <strong>Parabolica<\/strong>.<\/p>\n<p id=\"p-1788611950193-99719\" class=\"\">La carrera tendr\u00e1 <strong>53 vueltas<\/strong>, con una distancia total de <strong>306,72 kil\u00f3metros<\/strong>. El r\u00e9cord oficial es de 1:20.901, establecido por Lando Norris en 2025.<\/p>\n<h2 id=\"p-1788611950193-42671\">GP de Italia 2026: cronograma<\/h2>\n<p id=\"p-1788611950193-21861\">S\u00e1bado 5 de septiembre<\/p>\n<ul id=\"p-1788611950193-71881\" data-spread=\"false\">\n<li id=\"p-1788611950193-73942\">Pr\u00e1cticas libres 3: 07:30 &#8211; Finalizada<\/li>\n<li id=\"p-1788611950193-7066\"><strong>Clasificaci\u00f3n: 11:00<\/strong><\/li>\n<\/ul>\n<p id=\"p-1788611950193-77675\">Domingo 6 de septiembre<\/p>\n<\/p><\/div>\n<p><script>\n!function(f,b,e,v,n,t,s)\n{if(f.fbq)return;n=f.fbq=function(){n.callMethod?\nn.callMethod.apply(n,arguments):n.queue.push(arguments)};\nif(!f._fbq)f._fbq=n;n.push=n;n.loaded=!0;n.version='2.0';\nn.queue=[];t=b.createElement(e);t.async=!0;\nt.src=v;s=b.getElementsByTagName(e)[0];\ns.parentNode.insertBefore(t,s)}(window,document,'script',\n'https:\/\/connect.facebook.net\/en_US\/fbevents.js');\nfbq('init', '2047048335588113');\nfbq('track', 'PageView');\n<\/script><\/p>\n<p>Ambito.-<\/p>\n","protected":false},"excerpt":{"rendered":"<p>Franco Colapinto afrontar\u00e1 este s\u00e1bado la clasificaci\u00f3n del Gran Premio de Italia despu\u00e9s de cerrar una positiva tercera pr\u00e1ctica libre en Monza. El argentino termin\u00f3 10\u00b0 con un tiempo de 1:23.101, mientras que su compa\u00f1ero Pierre Gasly fue noveno con 1:22.898. La clasificaci\u00f3n comenzar\u00e1 a las 11:00, hora de Argentina, y definir\u00e1 la grilla de [&hellip;]<\/p>\n","protected":false},"author":1,"featured_media":262579,"comment_status":"closed","ping_status":"","sticky":false,"template":"","format":"standard","meta":{"footnotes":""},"categories":[7],"tags":[1111,1110],"class_list":["post-262578","post","type-post","status-publish","format-standard","has-post-thumbnail","category-deportes","tag-franco-colapinto","tag-fu00f3rmula-1"],"_links":{"self":[{"href":"https:\/\/chacosintesis.com.ar\/index.php\/wp-json\/wp\/v2\/posts\/262578","targetHints":{"allow":["GET"]}}],"collection":[{"href":"https:\/\/chacosintesis.com.ar\/index.php\/wp-json\/wp\/v2\/posts"}],"about":[{"href":"https:\/\/chacosintesis.com.ar\/index.php\/wp-json\/wp\/v2\/types\/post"}],"author":[{"embeddable":true,"href":"https:\/\/chacosintesis.com.ar\/index.php\/wp-json\/wp\/v2\/users\/1"}],"replies":[{"embeddable":true,"href":"https:\/\/chacosintesis.com.ar\/index.php\/wp-json\/wp\/v2\/comments?post=262578"}],"version-history":[{"count":0,"href":"https:\/\/chacosintesis.com.ar\/index.php\/wp-json\/wp\/v2\/posts\/262578\/revisions"}],"wp:featuredmedia":[{"embeddable":true,"href":"https:\/\/chacosintesis.com.ar\/index.php\/wp-json\/wp\/v2\/media\/262579"}],"wp:attachment":[{"href":"https:\/\/chacosintesis.com.ar\/index.php\/wp-json\/wp\/v2\/media?parent=262578"}],"wp:term":[{"taxonomy":"category","embeddable":true,"href":"https:\/\/chacosintesis.com.ar\/index.php\/wp-json\/wp\/v2\/categories?post=262578"},{"taxonomy":"post_tag","embeddable":true,"href":"https:\/\/chacosintesis.com.ar\/index.php\/wp-json\/wp\/v2\/tags?post=262578"}],"curies":[{"name":"wp","href":"https:\/\/api.w.org\/{rel}","templated":true}]}}