{"id":262521,"date":"2026-09-05T08:05:08","date_gmt":"2026-09-05T11:05:08","guid":{"rendered":"https:\/\/chacosintesis.com.ar\/index.php\/carlos-tevez-prepara-su-despedida-en-la-bombonera-y-podria-reunir-a-lionel-messi-y-cristiano-ronaldo\/"},"modified":"2026-09-05T08:05:08","modified_gmt":"2026-09-05T11:05:08","slug":"carlos-tevez-prepara-su-despedida-en-la-bombonera-y-podria-reunir-a-lionel-messi-y-cristiano-ronaldo","status":"publish","type":"post","link":"https:\/\/chacosintesis.com.ar\/index.php\/carlos-tevez-prepara-su-despedida-en-la-bombonera-y-podria-reunir-a-lionel-messi-y-cristiano-ronaldo\/","title":{"rendered":"Carlos Tevez prepara su despedida en la Bombonera y podr\u00eda reunir a Lionel Messi y Cristiano Ronaldo"},"content":{"rendered":"<p><\/p>\n<div>\t\t<!-- { REGION4 --> <\/p>\n<header class=\"news-headline\">\n<div class=\"news-headline__topics-and-date-wrapper\">    <span class=\"news-headline__publication-date\"> 4 de septiembre 2026 &#8211; 21:59<br \/>\n            <\/span><\/div>\n<h2 class=\"news-headline__article-summary\"\/>\n<p id=\"p-1788566248378-508\" class=\"ignore-parser\"> El Apache acord\u00f3 con Juan Rom\u00e1n Riquelme la utilizaci\u00f3n del estadio. Se esperan cerca de 60 figuras, aunque todav\u00eda resta confirmar la fecha y los invitados.<\/p>\n<\/header>\n<article class=\"article-body article-body--first-paragraph\" data-td-script-src=\"https:\/\/www.ambito.com\/td\/modulos\/encuestas\/js\/function-embeds-min-version-1788494872.js\">\n<p id=\"p-1788566514173-63982\" class=\"\"><strong> <a href=\"https:\/\/www.ambito.com\/negocios\/el-nuevo-emprendimiento-carlos-tevez-fuera-del-futbol-n6315125\" target=\"_blank\" rel=\"follow\">Carlos Tevez<\/a><\/strong> tendr\u00e1 su partido de despedida en <strong>La Bombonera<\/strong> durante diciembre, m\u00e1s de cuatro a\u00f1os despu\u00e9s de anunciar su retiro del f\u00fatbol profesional. El encuentro reunir\u00e1 a excompa\u00f1eros, amigos y personalidades que acompa\u00f1aron al Apache a lo largo de su carrera.<\/p>\n<\/article>\n<section class=\"suscription-false printed-edition\" style=\"display:none\">\n<p> El contenido al que quiere acceder es exclusivo para suscriptores.<\/p>\n<p>  <span> <button type=\"button\" name=\"button\" class=\"subscribe-btn mercadopago-btn\">suscribirse<\/button><\/span>  <span class=\"btns\"><button type=\"button\" name=\"button\" class=\"subscribe-btn reload-login\"> ya estoy suscripto<\/button><\/span>  <\/p>\n<\/section>\n<article class=\"article-body article-body--second-paragraph\">\n<p id=\"p-1788566514173-29553\" class=\"\">El exdelantero se comunic\u00f3 con <strong>Juan Rom\u00e1n Riquelme<\/strong>, presidente de Boca y antiguo compa\u00f1ero suyo, quien puso el estadio a disposici\u00f3n para la organizaci\u00f3n del homenaje.<\/p>\n<\/article>\n<section class=\"related-news\">\n<div class=\"row row--eq-height\">\n<div class=\"col-12 col-md-6\">\n<article class=\"news-article news-article--landscape-news news-article--landscape-news\">\n<figure class=\"news-article__figure figure\">\t\t<a href=\"https:\/\/www.ambito.com\/deportes\/nestor-grindetti-confirmo-que-el-oficialismo-no-se-presentara-las-elecciones-independiente-n6318782\" target=\"\" title=\"\u00e1mbito.com | Grindetti confirm\u00f3 que el oficialismo no se presentar\u00e1 en las elecciones de Independiente\" alt=\"\u00e1mbito.com | Grindetti confirm\u00f3 que el oficialismo no se presentar\u00e1 en las elecciones de Independiente\" rel=\"noindex nofollow noreferrer\"><br \/>\n\t\t\t\t\t\t\t\t\t\t\t<img loading=\"lazy\" src=\"https:\/\/chacosintesis.com.ar\/wp-content\/uploads\/2026\/09\/Carlos-Tevez-prepara-su-despedida-en-la-Bombonera-y-podria.png\" decoding=\"async\" fetchpriority=\"low\" loading=\"lazy\" alt=\"Grindetti y el oficialismo ni ir\u00e1n en busca de la reelecci\u00f3n.\" title=\"Grindetti y el oficialismo ni ir\u00e1n en busca de la reelecci\u00f3n.\" width=\"93\" height=\"52\" class=\"news-article__figure-img figure-img img-fluid\"\/>\t\t<\/a><\/figure>\n<\/article><\/div>\n<\/div>\n<\/section>\n<article class=\"article-body article-body--third-paragraph\">\n<p id=\"p-1788566514173-24225\" class=\"\"> Todav\u00eda no se defini\u00f3 el d\u00eda, aunque se analizan dos fines de semana: el del <strong>12 y 13 de diciembre<\/strong> y el del <strong>19 y 20<\/strong>. La primera alternativa coincide con la final del Torneo Clausura y el Trofeo de Campeones, que se jugar\u00e1 en C\u00f3rdoba, lo que podr\u00eda generar un conflicto si el equipo dirigido por <strong>Rodolfo Arruabarrena<\/strong> participa de esas definiciones.<\/p>\n<\/article>\n<article class=\"article-body article-body--fourth-paragraph\">\n<div contenteditable=\"false\" class=\"embed_cont type_imagen\" id=\"7928025-Libre-189016950_wrap\">\n<div id=\"7928025-Libre-189016950_content\" class=\"embed_content\"><img loading=\"lazy\" src=\"https:\/\/chacosintesis.com.ar\/wp-content\/uploads\/2026\/09\/1788606306_378_Carlos-Tevez-prepara-su-despedida-en-la-Bombonera-y-podria.png\" decoding=\"async\" fetchpriority=\"low\" loading=\"lazy\" alt=\"Lionel Messi y Cristiano Ronaldo aparecen entre los posibles invitados, aunque todav\u00eda no confirmaron su presencia.\" title=\"Lionel Messi y Cristiano Ronaldo aparecen entre los posibles invitados, aunque todav\u00eda no confirmaron su presencia.\" width=\"730\" height=\"410\" id=\"7928025-Libre-189016950_embed\"\/><\/div>\n<div class=\"embed_wrapper-cont\" id=\"p-1788566645218-89254\">\n<div id=\"7928025-Libre-189016950_epigrafe\" class=\"embed_epigrafe\">\n<p id=\"p-1788566664391-80474\">Lionel Messi y Cristiano Ronaldo aparecen entre los posibles invitados, aunque todav\u00eda no confirmaron su presencia.<\/p>\n<\/div>\n<p>Goal.com<\/p>\n<\/div><\/div>\n<h2 id=\"p-1788566514173-60337\">Messi y Cristiano Ronaldo podr\u00edan estar entre los invitados<\/h2>\n<p id=\"p-1788566514173-79406\" class=\"\">Tevez proyecta dividir a los futbolistas en dos equipos. Por un lado estar\u00edan sus amigos, tanto del ambiente deportivo como de su barrio, mientras que el rival estar\u00eda compuesto por excompa\u00f1eros de los distintos clubes en los que desarroll\u00f3 su carrera, bajo una formaci\u00f3n similar a un \u201cResto del Mundo\u201d.<\/p>\n<\/article>\n<article class=\"article-body article-body--fifth-paragraph\">\n<p id=\"p-1788566514173-27836\" class=\"\">La organizaci\u00f3n estima que podr\u00edan participar <strong>cerca de 60 figuras<\/strong>. <a href=\"https:\/\/www.ambito.com\/deportes\/cuanto-cuestan-las-remeras-la-mercancia-oficial-lionel-messi-n6317941\" target=\"_blank\" rel=\"follow\">Entre los nombres contemplados aparecen <strong>Lionel Messi<\/strong><\/a>, con quien el Apache comparti\u00f3 la Selecci\u00f3n argentina, y <strong> Cristiano Ronaldo<\/strong>, su compa\u00f1ero durante su etapa en Manchester United. Por el momento, ninguno de los dos confirm\u00f3 su presencia.<\/p>\n<\/article>\n<article class=\"article-body article-body--remaining-paragraph\">\n<p id=\"p-1788566514173-49596\" class=\"\">La lista podr\u00eda incluir adem\u00e1s a antiguos compa\u00f1eros de <strong>Boca, Corinthians, Manchester United, Manchester City y Juventus<\/strong>, entre otros equipos. Los invitados ser\u00e1n definidos una vez que se establezca la fecha definitiva.<\/p>\n<h2 id=\"p-1788566514173-90277\">La historia de Carlos Tevez en Boca<\/h2>\n<p id=\"p-1788566514173-12765\" class=\"\">Tevez es uno de los grandes referentes surgidos de las divisiones inferiores del club de La Ribera. A lo largo de sus tres etapas con la camiseta azul y oro disput\u00f3 <strong>279 partidos, convirti\u00f3 94 goles y conquist\u00f3 11 t\u00edtulos<\/strong>.<\/p>\n<p id=\"p-1788566514173-89760\" class=\"\">Su \u00faltimo encuentro como futbolista de Boca fue en 2021, mientras que en junio de 2022 comunic\u00f3 p\u00fablicamente su retiro. Despu\u00e9s comenz\u00f3 su carrera como entrenador, con pasos por Rosario Central, Independiente y Talleres.<\/p>\n<p id=\"p-1788566514173-11440\">La \u00faltima vez que pis\u00f3 La Bombonera fue en noviembre de 2025, cuando dirig\u00eda al conjunto cordob\u00e9s. En aquella ocasi\u00f3n, Boca se impuso por 2-0 en los octavos de final del Torneo Clausura.<\/p>\n<\/article>\n<p>\t\t<!-- REGION4 } --><\/div>\n<p><script>\n!function(f,b,e,v,n,t,s)\n{if(f.fbq)return;n=f.fbq=function(){n.callMethod?\nn.callMethod.apply(n,arguments):n.queue.push(arguments)};\nif(!f._fbq)f._fbq=n;n.push=n;n.loaded=!0;n.version='2.0';\nn.queue=[];t=b.createElement(e);t.async=!0;\nt.src=v;s=b.getElementsByTagName(e)[0];\ns.parentNode.insertBefore(t,s)}(window,document,'script',\n'https:\/\/connect.facebook.net\/en_US\/fbevents.js');\nfbq('init', '2047048335588113');\nfbq('track', 'PageView');\n<\/script><\/p>\n<p>Ambito.-<\/p>\n","protected":false},"excerpt":{"rendered":"<p>4 de septiembre 2026 &#8211; 21:59 El Apache acord\u00f3 con Juan Rom\u00e1n Riquelme la utilizaci\u00f3n del estadio. Se esperan cerca de 60 figuras, aunque todav\u00eda resta confirmar la fecha y los invitados. Carlos Tevez tendr\u00e1 su partido de despedida en La Bombonera durante diciembre, m\u00e1s de cuatro a\u00f1os despu\u00e9s de anunciar su retiro del f\u00fatbol [&hellip;]<\/p>\n","protected":false},"author":1,"featured_media":262522,"comment_status":"closed","ping_status":"","sticky":false,"template":"","format":"standard","meta":{"footnotes":""},"categories":[7],"tags":[1106,1272,1125],"class_list":["post-262521","post","type-post","status-publish","format-standard","has-post-thumbnail","category-deportes","tag-bombonera","tag-carlos-tevez","tag-lionel-messi"],"_links":{"self":[{"href":"https:\/\/chacosintesis.com.ar\/index.php\/wp-json\/wp\/v2\/posts\/262521","targetHints":{"allow":["GET"]}}],"collection":[{"href":"https:\/\/chacosintesis.com.ar\/index.php\/wp-json\/wp\/v2\/posts"}],"about":[{"href":"https:\/\/chacosintesis.com.ar\/index.php\/wp-json\/wp\/v2\/types\/post"}],"author":[{"embeddable":true,"href":"https:\/\/chacosintesis.com.ar\/index.php\/wp-json\/wp\/v2\/users\/1"}],"replies":[{"embeddable":true,"href":"https:\/\/chacosintesis.com.ar\/index.php\/wp-json\/wp\/v2\/comments?post=262521"}],"version-history":[{"count":0,"href":"https:\/\/chacosintesis.com.ar\/index.php\/wp-json\/wp\/v2\/posts\/262521\/revisions"}],"wp:featuredmedia":[{"embeddable":true,"href":"https:\/\/chacosintesis.com.ar\/index.php\/wp-json\/wp\/v2\/media\/262522"}],"wp:attachment":[{"href":"https:\/\/chacosintesis.com.ar\/index.php\/wp-json\/wp\/v2\/media?parent=262521"}],"wp:term":[{"taxonomy":"category","embeddable":true,"href":"https:\/\/chacosintesis.com.ar\/index.php\/wp-json\/wp\/v2\/categories?post=262521"},{"taxonomy":"post_tag","embeddable":true,"href":"https:\/\/chacosintesis.com.ar\/index.php\/wp-json\/wp\/v2\/tags?post=262521"}],"curies":[{"name":"wp","href":"https:\/\/api.w.org\/{rel}","templated":true}]}}