{"id":262511,"date":"2026-09-05T08:01:01","date_gmt":"2026-09-05T11:01:01","guid":{"rendered":"https:\/\/chacosintesis.com.ar\/index.php\/milei-se-volvio-a-enfocar-en-la-economia-voy-a-redoblar-al-mango-mi-ortodoxia\/"},"modified":"2026-09-05T08:01:01","modified_gmt":"2026-09-05T11:01:01","slug":"milei-se-volvio-a-enfocar-en-la-economia-voy-a-redoblar-al-mango-mi-ortodoxia","status":"publish","type":"post","link":"https:\/\/chacosintesis.com.ar\/index.php\/milei-se-volvio-a-enfocar-en-la-economia-voy-a-redoblar-al-mango-mi-ortodoxia\/","title":{"rendered":"Milei se volvi\u00f3 a enfocar en la econom\u00eda:\u00a0&#8220;Voy a redoblar al mango mi ortodoxia&#8221;"},"content":{"rendered":"<p><\/p>\n<div>\n<p>La 47\u00b0 Conferencia Anual del Instituto Argentino de Ejecutivos de Finanzas (IAEF) tuvo como orador de cierre a Javier Milei, que utiliz\u00f3 ese escenario -en el que estuvieron tambi\u00e9n el ministro Luis Caputo y otros funcionarios de la cartera de Econom\u00eda- para ratificar su pol\u00edtica monetaria y las medidas que apuntan al super\u00e1vit fiscal.<\/p>\n<p>En la ciudad de Posadas, y para explicar su razonamiento, Milei record\u00f3 que renunci\u00f3 a la jubilaci\u00f3n que percibir\u00eda una vez que deje el cargo presidencial\u00a0y remat\u00f3: &#8220;No voy a cambiar ni mi pol\u00edtica fiscal ni mi pol\u00edtica cambiaria. Voy a seguir con equilibrio fiscal y apretando la cantidad de dinero hasta derrotar la inflaci\u00f3n&#8221;.<\/p>\n<p>Proyectado un escenario posterior a su paso por el Sill\u00f3n de Rivadavia se\u00f1al\u00f3:\u00a0&#8220;Yo despu\u00e9s tengo que ganarme la vida en el sector privado. Si durante toda mi vida dije que iba a hacer algo, tuve la posibilidad de hacerlo y, por un capricho electoral, modifiqu\u00e9 mi forma de actuar, les digo que el precio de mis conferencias se vuelven cero&#8221;. &#8220;Por lo tanto, es un incentivo que redoble al mango mi ortodoxia&#8221;, explic\u00f3<\/p>\n<p>Con la presencia de los gobernadores de Misiones (Hugo Passalacqua) y Catamarca (Ra\u00fal Jalil), adem\u00e1s de miembros del Gabinete, el Presidente resalt\u00f3 que la previsibilidad a los mercados no s\u00f3lo se consigue prometiendo estabilidad sino &#8220;sac\u00e1ndonos a nosotros mismo como Estado la posibilidad de claudicar&#8221;.<\/p>\n<div class=\"newsletter\">\n<p class=\"newsletter__titulo\"> Recib\u00ed los Newsletters de La Nueva <span class=\"blanco\">sin costo<\/span> <\/p>\n<form method=\"POST\" class=\"search-lightbox__form\" action-xhr=\"https:\/\/www.lanueva.com\/suscripcion_amp\" target=\"_top\">\n<p> <template type=\"amp-mustache\"> {{msj}} <\/template> <\/p>\n<p> <template type=\"amp-mustache\"> {{msj}} <\/template> <\/p>\n<p> <amp-recaptcha-input layout=\"nodisplay\" name=\"g-recaptcha-response\" data-sitekey=\"6LfgkyEhAAAAALWAPV1E8JgXNLwb5Zq0ugONXmGI\" data-action=\"token\" class=\"i-amphtml-layout-nodisplay\" hidden=\"hidden\" i-amphtml-layout=\"nodisplay\"> <\/amp-recaptcha-input> <\/form>\n<\/p><\/div>\n<p>En ese sentido, tambi\u00e9n apunt\u00f3:\u00a0&#8220;No tiene sentido flexibilizar la pol\u00edtica monetaria porque hace doce meses que la base monetaria no cambia y sin embargo todav\u00eda persiste la inflaci\u00f3n, porque hay sobrante monetario&#8221;, consider\u00f3 y plante\u00f3 que si cambiara su pol\u00edtica monetaria &#8220;a la inflaci\u00f3n la tendr\u00edamos a la vuelta de la esquina&#8221;.<\/p>\n<p>En cuanto a lo que pueda suceder el a\u00f1o que viene expres\u00f3: &#8220;Si replicamos un resultado parecido al del a\u00f1o pasado, vamos a tener mayor\u00eda en Diputados y estar\u00edamos a dos senadores de tener qu\u00f3rum en el Senado, as\u00ed que si con este Congreso hicimos todas esas reformas, abr\u00f3chense los cinturones porque van a ver lo que es acelerar a fondo&#8221;.<\/p>\n<p>En su charla que dur\u00f3 m\u00e1s de una hora, tambi\u00e9n dijo que &#8220;llevamos 27 meses de crecimiento, en un contexto global m\u00e1s dificultoso, les guste o no a los inmundos periodistas&#8221;.<\/p>\n<p>Y en cuanto a la situaci\u00f3n econ\u00f3mica destac\u00f3 que &#8220;un riesgo pa\u00eds bajo implica cr\u00e9dito mas accesible, mayor inversi\u00f3n y m\u00e1s puestos de trabajo genuino, es la diferencia entre que una ruta se haga o no&#8221;.<\/p>\n<p>Siguiendo con esa t\u00f3nica, agreg\u00f3: &#8220;Las inversiones del RIGI nos permiten posicionarnos a nivel geopol\u00edtico para avanzar en el reclamo por la soberan\u00eda de las Islas Malvinas&#8221;.<\/p>\n<p>En cuanto al tema central de la Convenci\u00f3n del IAEF que fue abordado por distintos a locutores, la mora crediticia ratific\u00f3 el rumbo planteado por el ministro Caputo minutos antes: &#8220;No funcionan los rescates de morososos, a las ocho semanas vuelven a tomar deuda, la gente aprende y sabe de lo que se trata, genera experiencia, si abortan eso dejar sin cr\u00e9dito a los que no pueden calificar en el segmento formal&#8221;. <em>(Ambito)<\/em><\/p>\n<\/p><\/div>\n","protected":false},"excerpt":{"rendered":"<p>La 47\u00b0 Conferencia Anual del Instituto Argentino de Ejecutivos de Finanzas (IAEF) tuvo como orador de cierre a Javier Milei, que utiliz\u00f3 ese escenario -en el que estuvieron tambi\u00e9n el ministro Luis Caputo y otros funcionarios de la cartera de Econom\u00eda- para ratificar su pol\u00edtica monetaria y las medidas que apuntan al super\u00e1vit fiscal. En [&hellip;]<\/p>\n","protected":false},"author":1,"featured_media":262512,"comment_status":"","ping_status":"","sticky":false,"template":"","format":"standard","meta":{"footnotes":""},"categories":[8],"tags":[],"class_list":["post-262511","post","type-post","status-publish","format-standard","has-post-thumbnail","category-nacionales"],"_links":{"self":[{"href":"https:\/\/chacosintesis.com.ar\/index.php\/wp-json\/wp\/v2\/posts\/262511","targetHints":{"allow":["GET"]}}],"collection":[{"href":"https:\/\/chacosintesis.com.ar\/index.php\/wp-json\/wp\/v2\/posts"}],"about":[{"href":"https:\/\/chacosintesis.com.ar\/index.php\/wp-json\/wp\/v2\/types\/post"}],"author":[{"embeddable":true,"href":"https:\/\/chacosintesis.com.ar\/index.php\/wp-json\/wp\/v2\/users\/1"}],"replies":[{"embeddable":true,"href":"https:\/\/chacosintesis.com.ar\/index.php\/wp-json\/wp\/v2\/comments?post=262511"}],"version-history":[{"count":0,"href":"https:\/\/chacosintesis.com.ar\/index.php\/wp-json\/wp\/v2\/posts\/262511\/revisions"}],"wp:featuredmedia":[{"embeddable":true,"href":"https:\/\/chacosintesis.com.ar\/index.php\/wp-json\/wp\/v2\/media\/262512"}],"wp:attachment":[{"href":"https:\/\/chacosintesis.com.ar\/index.php\/wp-json\/wp\/v2\/media?parent=262511"}],"wp:term":[{"taxonomy":"category","embeddable":true,"href":"https:\/\/chacosintesis.com.ar\/index.php\/wp-json\/wp\/v2\/categories?post=262511"},{"taxonomy":"post_tag","embeddable":true,"href":"https:\/\/chacosintesis.com.ar\/index.php\/wp-json\/wp\/v2\/tags?post=262511"}],"curies":[{"name":"wp","href":"https:\/\/api.w.org\/{rel}","templated":true}]}}