{"id":26249,"date":"2023-09-02T20:35:53","date_gmt":"2023-09-02T23:35:53","guid":{"rendered":"https:\/\/chacosintesis.com.ar\/?p=26249"},"modified":"2023-09-02T20:36:39","modified_gmt":"2023-09-02T23:36:39","slug":"con-pavimentacion-y-viviendas-avanza-la-segunda-etapa-de-obras-en-la-rubita","status":"publish","type":"post","link":"https:\/\/chacosintesis.com.ar\/index.php\/con-pavimentacion-y-viviendas-avanza-la-segunda-etapa-de-obras-en-la-rubita\/","title":{"rendered":"Con pavimentaci\u00f3n y viviendas, avanza la segunda etapa de obras en La Rubita"},"content":{"rendered":"<div class=\"postie-post\">Los trabajos incluyen la apertura de calles, desag\u00fces pluviales, iluminaci\u00f3n y acceso a la red el\u00e9ctrica, red de agua y cloacas para m\u00e1s de 2.700 familias, adem\u00e1s de la inauguraci\u00f3n de nuevas viviendas que est\u00e1n destinadas a familias que necesitan reubicarse.<br \/>\nA paso firme, el Gobierno provincial contin\u00faa ejecutando la segunda etapa de obras de urbanizaci\u00f3n en el barrio La Rubita, un proyecto que beneficia a m\u00e1s de 2.700 familias. En este marco, la ministra de Ambiente y Desarrollo Territorial Sostenible, Marta Soneira, junto al ministro de Educaci\u00f3n Aldo Lineras, recorrieron y supervisaron el estado de los trabajos en diferentes zonas de esta barriada.<br \/>\n\u201cYa hemos hecho muchos avances en la zona, como todo el sistema de desag\u00fces pluviales, la red de agua, de cloacas y la liberaci\u00f3n de traza de las calles\u201d, record\u00f3 la ministra Soneira que tambi\u00e9n estuvo acompa\u00f1ada por referentes de la Mesa de Gesti\u00f3n de esta zona.<br \/>\nLa urbanizaci\u00f3n de La Rubita es un Proyecto Integral Socio-Urbano (PISU) que demandar\u00e1 una inversi\u00f3n de casi cinco mil millones de pesos. Prev\u00e9 apertura de calles, desag\u00fces pluviales, iluminaci\u00f3n y acceso a la red el\u00e9ctrica, red de agua y cloacas para m\u00e1s de 2.700 familias.<br \/>\nIncluye tambi\u00e9n la creaci\u00f3n de \u00e1reas verdes para recreaci\u00f3n y deporte, as\u00ed como reservas para infraestructura de uso p\u00fablico y comunitario y la entrega del t\u00edtulo de propiedad a cada una de las familias que habitan el barrio, interviniendo con la mensura y el ordenamiento territorial adecuado. De esta manera, el barrio quedar\u00e1 integrado a la trama urbana de la ciudad.<br \/>\n\u201cAhora estamos en una segunda etapa donde se est\u00e1n ejecutando nuevas obras. Estamos muy contentos de poder asfaltar la calle 29, que va a ser avenida y que cruza toda La Rubita, desde la avenida Castelli a la avenida Edison, y que tiene cinco cuadras pavimentadas en la \u00faltima fase para poder continuar despu\u00e9s en otro sector\u201d, explic\u00f3 la funcionaria provincial.<br \/>\nTambi\u00e9n esta segunda etapa incluye la inauguraci\u00f3n de nuevas viviendas que est\u00e1n destinadas a familias que necesitan reubicarse, brind\u00e1ndoles un nuevo hogar y oportunidades de crecimiento, como as\u00ed la iluminaci\u00f3n de todos los sectores para que haya m\u00e1s seguridad y m\u00e1s confort para las familias de la zona. \u201cEs todo un proceso que lleva su tiempo, pero que llega, cuando hay una definici\u00f3n pol\u00edtica muy clara como la del gobernador Jorge Capitanich, llega a buen t\u00e9rmino como el que estamos viendo hoy visiblemente\u201d, destac\u00f3.<br \/>\n\u201cSabemos que es un enorme desaf\u00edo la ejecuci\u00f3n del proyecto por su complejidad en la trama urbana, pero estamos convencidos que junto a los vecinos y vecinas y un gran equipo podremos dignificar la vida de m\u00e1s de 2700 familias\u201d, finaliz\u00f3 la ministra de Ambiente y Desarrollo Territorial Sostenible, Marta Soneira.<\/div>\n","protected":false},"excerpt":{"rendered":"<p>Los trabajos incluyen la apertura de calles, desag\u00fces pluviales, iluminaci\u00f3n y acceso a la red el\u00e9ctrica, red de agua y cloacas para m\u00e1s de 2.700 familias, adem\u00e1s de la inauguraci\u00f3n de nuevas viviendas que est\u00e1n destinadas a familias que necesitan reubicarse. A paso firme, el Gobierno provincial contin\u00faa ejecutando la segunda etapa de obras de [&hellip;]<\/p>\n","protected":false},"author":1,"featured_media":26250,"comment_status":"closed","ping_status":"closed","sticky":false,"template":"","format":"standard","meta":{"footnotes":""},"categories":[6],"tags":[],"class_list":{"0":"post-26249","1":"post","2":"type-post","3":"status-publish","4":"format-standard","5":"has-post-thumbnail","7":"category-chaco"},"_links":{"self":[{"href":"https:\/\/chacosintesis.com.ar\/index.php\/wp-json\/wp\/v2\/posts\/26249","targetHints":{"allow":["GET"]}}],"collection":[{"href":"https:\/\/chacosintesis.com.ar\/index.php\/wp-json\/wp\/v2\/posts"}],"about":[{"href":"https:\/\/chacosintesis.com.ar\/index.php\/wp-json\/wp\/v2\/types\/post"}],"author":[{"embeddable":true,"href":"https:\/\/chacosintesis.com.ar\/index.php\/wp-json\/wp\/v2\/users\/1"}],"replies":[{"embeddable":true,"href":"https:\/\/chacosintesis.com.ar\/index.php\/wp-json\/wp\/v2\/comments?post=26249"}],"version-history":[{"count":0,"href":"https:\/\/chacosintesis.com.ar\/index.php\/wp-json\/wp\/v2\/posts\/26249\/revisions"}],"wp:featuredmedia":[{"embeddable":true,"href":"https:\/\/chacosintesis.com.ar\/index.php\/wp-json\/wp\/v2\/media\/26250"}],"wp:attachment":[{"href":"https:\/\/chacosintesis.com.ar\/index.php\/wp-json\/wp\/v2\/media?parent=26249"}],"wp:term":[{"taxonomy":"category","embeddable":true,"href":"https:\/\/chacosintesis.com.ar\/index.php\/wp-json\/wp\/v2\/categories?post=26249"},{"taxonomy":"post_tag","embeddable":true,"href":"https:\/\/chacosintesis.com.ar\/index.php\/wp-json\/wp\/v2\/tags?post=26249"}],"curies":[{"name":"wp","href":"https:\/\/api.w.org\/{rel}","templated":true}]}}