{"id":262454,"date":"2026-09-04T20:11:04","date_gmt":"2026-09-04T23:11:04","guid":{"rendered":"https:\/\/chacosintesis.com.ar\/index.php\/colapinto-mira-con-atencion-flavio-briatore-acuso-a-mclaren-de-chantaje-en-la-previa-del-gran-premio-de-monza\/"},"modified":"2026-09-04T20:11:04","modified_gmt":"2026-09-04T23:11:04","slug":"colapinto-mira-con-atencion-flavio-briatore-acuso-a-mclaren-de-chantaje-en-la-previa-del-gran-premio-de-monza","status":"publish","type":"post","link":"https:\/\/chacosintesis.com.ar\/index.php\/colapinto-mira-con-atencion-flavio-briatore-acuso-a-mclaren-de-chantaje-en-la-previa-del-gran-premio-de-monza\/","title":{"rendered":"Colapinto mira con atenci\u00f3n: Flavio Briatore acus\u00f3 a Mclaren de chantaje en la previa del Gran Premio de Monza"},"content":{"rendered":"<p><\/p>\n<div>\t\t<!-- { REGION4 --> <\/p>\n<header class=\"news-headline\">\n<div class=\"news-headline__topics-and-date-wrapper\">    <span class=\"news-headline__publication-date\"> 4 de septiembre 2026 &#8211; 19:35<br \/>\n            <\/span><\/div>\n<h2 class=\"news-headline__article-summary\"\/>\n<p id=\"p-1788558439720-34466\" class=\"ignore-parser\"> El Asesor ejecutivo de Alpine, escuder\u00eda en la que corre Franco Colapinto, aprovech\u00f3 que lo sentaron junto al director de McLaren en conferencia de prensa y carg\u00f3 contra \u00e9l por el podio que le quitaron a Pierre Gasly en M\u00f3naco.<\/p>\n<\/header>\n<article class=\"article-body article-body--first-paragraph\" data-td-script-src=\"https:\/\/www.ambito.com\/td\/modulos\/encuestas\/js\/function-embeds-min-version-1788494872.js\">\n<p id=\"p-1788558447082-10395\"><strong> Flavio Briatore<\/strong> se present\u00f3 este viernes a la conferencia de prensa oficial que brinda la F\u00f3rmula 1 en la previa de los grandes premios, en la que participan distintos jefes de los equipos o pilotos. En esta ocasi\u00f3n, <a href=\"https:\/\/www.ambito.com\/deportes\/con-las-mejoras-su-alpine-colapinto-termino-9-las-practicas-libres-monza-n6318511\" target=\"_blank\" rel=\"follow\">el asesor del equipo franc\u00e9s<\/a> comparti\u00f3 sala con <strong>Fr\u00e9d\u00e9ric Vasseur,<\/strong> de Ferrari, y <strong>Andrea Stella,<\/strong> de Mclaren. <a href=\"https:\/\/www.ambito.com\/deportes\/momento-insolito-el-gp-monaco-pierre-gasly-alpine-celebro-el-tercer-puesto-pero-una-sancion-lo-dejo-fuera-del-podio-n6286099\" target=\"_blank\" rel=\"follow\">Este \u00faltimo siendo al que acus\u00f3 de chantaje por la quita del podio de Pierre Gasly<\/a>.<\/p>\n<\/article>\n<section class=\"suscription-false printed-edition\" style=\"display:none\">\n<p> El contenido al que quiere acceder es exclusivo para suscriptores.<\/p>\n<p>  <span> <button type=\"button\" name=\"button\" class=\"subscribe-btn mercadopago-btn\">suscribirse<\/button><\/span>  <span class=\"btns\"><button type=\"button\" name=\"button\" class=\"subscribe-btn reload-login\"> ya estoy suscripto<\/button><\/span>  <\/p>\n<\/section>\n<article class=\"article-body article-body--second-paragraph\">\n<p id=\"p-1788558447082-72125\">El motivo del esc\u00e1ndalo entre ambos parte de unas horas antes. El 7 de junio, en la carrera de M\u00f3naco, <strong>Gasly<\/strong>, compa\u00f1ero de Franco Colapinto en Alpine, termin\u00f3 en la<strong> tercera posici\u00f3n pero cay\u00f3 al s\u00e9ptimo lugar <\/strong>por sanciones otorgadas <strong>al superar el l\u00edmite de velocidad en la calle de boxes<\/strong>. Finalmente, una semana despu\u00e9s la Federaci\u00f3n Internacional del Automovilismo (FIA)<strong> le quit\u00f3 la sanci\u00f3n<\/strong>, en base a muchos an\u00e1lisis, y le devolvieron el podio y los puntos para el campeonato de constructores.<\/p>\n<\/article>\n<section class=\"related-news\">\n<div class=\"row row--eq-height\">\n<div class=\"col-12 col-md-6\">\n<article class=\"news-article news-article--landscape-news news-article--landscape-news\">\n<figure class=\"news-article__figure figure\">\t\t<a href=\"https:\/\/www.ambito.com\/deportes\/franco-colapinto-hablo-el-retiro-lionel-messi-y-lo-comparo-su-renovacion-alpine-estoy-mas-triste-que-feliz-n6318270\" target=\"\" title=\"\u00e1mbito.com | Colapinto habl\u00f3 sobre el retiro de Messi y lo compar\u00f3 con su renovaci\u00f3n con Alpine: Estoy m\u00e1s triste que feliz\" alt=\"\u00e1mbito.com | Colapinto habl\u00f3 sobre el retiro de Messi y lo compar\u00f3 con su renovaci\u00f3n con Alpine: Estoy m\u00e1s triste que feliz\" rel=\"noindex nofollow noreferrer\"><br \/>\n\t\t\t\t\t\t\t\t\t\t\t<img loading=\"lazy\" src=\"https:\/\/chacosintesis.com.ar\/wp-content\/uploads\/2026\/09\/Colapinto-mira-con-atencion-Flavio-Briatore-acuso-a-Mclaren-de.jpg\" decoding=\"async\" fetchpriority=\"low\" loading=\"lazy\" alt=\"Franco Colapinto se mostr\u00f3 triste ante el retiro de Lionel Messi de la Selecci\u00f3n argentina.\" title=\"Franco Colapinto se mostr\u00f3 triste ante el retiro de Lionel Messi de la Selecci\u00f3n argentina.\" width=\"93\" height=\"52\" class=\"news-article__figure-img figure-img img-fluid\"\/>\t\t<\/a><\/figure>\n<\/article><\/div>\n<\/div>\n<\/section>\n<article class=\"article-body article-body--third-paragraph\">\n<div contenteditable=\"false\" class=\"embed_cont type_imagen\" id=\"8272575-Libre-224807309_wrap\">\n<div id=\"8272575-Libre-224807309_content\" class=\"embed_content\"><img src=\"https:\/\/chacosintesis.com.ar\/wp-content\/uploads\/2026\/09\/1788563463_178_Colapinto-mira-con-atencion-Flavio-Briatore-acuso-a-Mclaren-de.jpg\" decoding=\"async\" fetchpriority=\"low\" loading=\"lazy\" alt=\"Colapinto, Briatore y Gasly.\" title=\"Colapinto, Briatore y Gasly.\" width=\"730\" height=\"undefined\" id=\"8272575-Libre-224807309_embed\"\/><\/div>\n<div class=\"embed_wrapper-cont\" id=\"p-1788558786694-6722\">\n<div id=\"8272575-Libre-224807309_epigrafe\" class=\"embed_epigrafe\">\n<p id=\"p-1788558804473-35354\">Colapinto, Briatore y Gasly.<\/p>\n<\/div><\/div>\n<\/p><\/div>\n<p id=\"p-1788558447082-54284\">Finalmente, este mismo viernes por la ma\u00f1ana la FIA confirm\u00f3, dos meses despu\u00e9s, <strong>que se le vuelve a asignar la sanci\u00f3n a Gasly, <\/strong>e Isaac Hadjar (Red Bull) recupera el \u00faltimo lugar del podio. Adem\u00e1s, <strong>Oscar Piastri,<\/strong> piloto de Mclaren, subi\u00f3 un lugar en la clasificaci\u00f3n y sum\u00f3 puntos importantes para la tabla.<\/p>\n<\/article>\n<article class=\"article-body article-body--fourth-paragraph\">\n<p id=\"p-1788558447082-76330\">Ante esta situaci\u00f3n, Briatore se quej\u00f3 en plena conferencia de lo sucedido y arremeti\u00f3 contra las m\u00e1ximas autoridades de McLaren: \u201cEsto es muy injusto. Pero, ya sabes, aceptamos la decisi\u00f3n,<strong> aunque lo que resulta muy extra\u00f1o es que hubiera cuatro jueces en el panel<\/strong>\u201d, comenz\u00f3. Y explot\u00f3: \u201c<strong>Uno de los jueces actu\u00f3 como un fiscal<\/strong>. Eso no es un gran problema. <strong>El problema es que tiene una estrecha relaci\u00f3n con la empresa McLaren<\/strong>. Tenemos una bonita foto de este tipo en un discurso para McLaren en 2018 en MSO, Beverly Hills\u201d, sentenci\u00f3.<\/p>\n<\/article>\n<article class=\"article-body article-body--fifth-paragraph\">\n<p id=\"p-1788558447082-35258\">Se\u00f1alando al jefe del equipo ingl\u00e9s, el italiano continu\u00f3: \u201cTiene una fundaci\u00f3n, se llama One Drop, y<strong> McLaren le don\u00f3 dos o tres autos McLaren<\/strong>. Esto fue bastante injusto. <strong>Uno de los jueces estaba vinculado con un equipo que estaba reclamando contra nosotros<\/strong>\u201d, asegur\u00f3 el de Alpine.<\/p>\n<\/article>\n<article class=\"article-body article-body--remaining-paragraph\">\n<div contenteditable=\"false\" class=\"embed_cont type_imagen\" id=\"8141406-Libre-118594991_wrap\">\n<div id=\"8141406-Libre-118594991_content\" class=\"embed_content\"><img loading=\"lazy\" src=\"https:\/\/chacosintesis.com.ar\/wp-content\/uploads\/2026\/09\/Colapinto-mira-con-atencion-Flavio-Briatore-acuso-a-Mclaren-de.webp\" decoding=\"async\" fetchpriority=\"low\" loading=\"lazy\" alt=\"Flavio Briatore, una persona con car\u00e1cter \u00fanico.\" title=\"Flavio Briatore, una persona con car\u00e1cter \u00fanico.\" width=\"730\" height=\"410\" id=\"8141406-Libre-118594991_embed\"\/><\/div>\n<div class=\"embed_wrapper-cont\" id=\"p-1788558817283-49537\">\n<div id=\"8141406-Libre-118594991_epigrafe\" class=\"embed_epigrafe\">\n<p id=\"p-1788558843967-97819\">Flavio Briatore, una persona con car\u00e1cter \u00fanico.<\/p>\n<\/div>\n<p>Getty<\/p>\n<\/div><\/div>\n<p id=\"p-1788558447082-44055\">Stella, con un tono m\u00e1s calmado, opin\u00f3 sobre la acusaci\u00f3n: \u201c<strong>Presentamos una apelaci\u00f3n porque quer\u00edamos asegurarnos de que se buscara esa claridad<\/strong>. Ten\u00edamos inquietudes que iban m\u00e1s all\u00e1 del hecho de que pudi\u00e9ramos haber perdido dos puntos del campeonato. Probablemente, estos dos puntos del campeonato no vayan a marcar ninguna diferencia. <strong>Nos preocupaba la aplicaci\u00f3n de la igualdad y la equidad deportivas, y esto es importante<\/strong>\u201d, recalc\u00f3.<\/p>\n<p id=\"p-1788558447082-52687\">Briatore intervino en el comentario de su colega e insisti\u00f3: \u201c<strong>Lo que es injusto es que un juez estuviera vinculado con McLaren<\/strong>. Normalmente, un juez debe ser independiente, por completo. Y este juez, cuyo nombre suena un poco a italiano, pero es estadounidense, se llama <strong>Filippo Marchino<\/strong>\u201d, revel\u00f3.<\/p>\n<p id=\"p-1788558447082-51497\">Y agreg\u00f3: \u201c<strong>Se comport\u00f3 de manera muy desagradable durante la audiencia, actuando como un fiscal<\/strong>. Y despu\u00e9s descubrimos cu\u00e1l es la raz\u00f3n por la que este tipo se comport\u00f3 de manera tan desagradable. <strong>Est\u00e1 muy vinculado a McLaren<\/strong>. Eso lo not\u00e9\u201d, sentenci\u00f3.<\/p>\n<div contenteditable=\"false\" class=\"embed_cont type_imagen\" id=\"8234685-Libre-958164435_wrap\">\n<div id=\"8234685-Libre-958164435_content\" class=\"embed_content\"><img src=\"https:\/\/chacosintesis.com.ar\/wp-content\/uploads\/2026\/09\/1788563464_404_Colapinto-mira-con-atencion-Flavio-Briatore-acuso-a-Mclaren-de.jpg\" decoding=\"async\" fetchpriority=\"low\" loading=\"lazy\" alt=\"Pierre Gasly, el perdedor del fin de semana.\" title=\"Pierre Gasly, el perdedor del fin de semana.\" width=\"730\" height=\"undefined\" id=\"8234685-Libre-958164435_embed\"\/><\/div>\n<div class=\"embed_wrapper-cont\" id=\"p-1788558912898-67691\">\n<div id=\"8234685-Libre-958164435_epigrafe\" class=\"embed_epigrafe\">\n<p id=\"p-1788558933463-24162\">Pierre Gasly, el perdedor del fin de semana.<\/p>\n<\/div><\/div>\n<\/p><\/div>\n<p id=\"p-1788558447082-97863\">Por otro lado, Vasseur dio su opini\u00f3n al respecto: \u201c<strong>Creo que no fue un caso f\u00e1cil de juzgar<\/strong>. Puedo entender la frustraci\u00f3n de todos. <strong>En cuanto al resto de la discusi\u00f3n, dejar\u00e9 que Andrea y Flavio la resuelvan entre ellos<\/strong>. Tambi\u00e9n pagamos la penalizaci\u00f3n en M\u00f3naco con Lewis y, en menor medida, con Charles. Pero puedo entender la frustraci\u00f3n porque <strong>no ten\u00edamos la sensaci\u00f3n de haber entrado a toda velocidad al carril de boxes<\/strong>. Por lo dem\u00e1s, es un tema que deben discutir ellos\u201d, se\u00f1al\u00f3.<\/p>\n<p id=\"p-1788558447082-45369\">Ferrari, por su parte, tambi\u00e9n recibi\u00f3 las sanciones que sufri\u00f3 Gasly con el auto de <strong>Lewis Hamilton.<\/strong> La diferencia es que el ingl\u00e9s<strong> fren\u00f3 en boxes para cumplirlas <\/strong>y el franc\u00e9s no, para quejarse una vez que termine la carrera y cruzar los dedos para que le den el podio.<\/p>\n<p id=\"p-1788558447082-39334\">Finalmente, la situaci\u00f3n concluy\u00f3 con que<strong> el perdedor fue Alpine<\/strong> y ahora tendr\u00e1n que concentrarse para el pr\u00f3ximo Gran Premio en Monza, en el cual intentar\u00e1n volver a los puntos y contrarrestar la p\u00e9rdida que les propagaron en el comienzo del fin de semana.<\/p>\n<\/article>\n<p>\t\t<!-- REGION4 } --><\/div>\n<p><script>\n!function(f,b,e,v,n,t,s)\n{if(f.fbq)return;n=f.fbq=function(){n.callMethod?\nn.callMethod.apply(n,arguments):n.queue.push(arguments)};\nif(!f._fbq)f._fbq=n;n.push=n;n.loaded=!0;n.version='2.0';\nn.queue=[];t=b.createElement(e);t.async=!0;\nt.src=v;s=b.getElementsByTagName(e)[0];\ns.parentNode.insertBefore(t,s)}(window,document,'script',\n'https:\/\/connect.facebook.net\/en_US\/fbevents.js');\nfbq('init', '2047048335588113');\nfbq('track', 'PageView');\n<\/script><\/p>\n<p>Ambito.-<\/p>\n","protected":false},"excerpt":{"rendered":"<p>4 de septiembre 2026 &#8211; 19:35 El Asesor ejecutivo de Alpine, escuder\u00eda en la que corre Franco Colapinto, aprovech\u00f3 que lo sentaron junto al director de McLaren en conferencia de prensa y carg\u00f3 contra \u00e9l por el podio que le quitaron a Pierre Gasly en M\u00f3naco. Flavio Briatore se present\u00f3 este viernes a la conferencia [&hellip;]<\/p>\n","protected":false},"author":1,"featured_media":262455,"comment_status":"closed","ping_status":"","sticky":false,"template":"","format":"standard","meta":{"footnotes":""},"categories":[7],"tags":[410,1111,1110,1271],"class_list":["post-262454","post","type-post","status-publish","format-standard","has-post-thumbnail","category-deportes","tag-alpine","tag-franco-colapinto","tag-fu00f3rmula-1","tag-mclaren"],"_links":{"self":[{"href":"https:\/\/chacosintesis.com.ar\/index.php\/wp-json\/wp\/v2\/posts\/262454","targetHints":{"allow":["GET"]}}],"collection":[{"href":"https:\/\/chacosintesis.com.ar\/index.php\/wp-json\/wp\/v2\/posts"}],"about":[{"href":"https:\/\/chacosintesis.com.ar\/index.php\/wp-json\/wp\/v2\/types\/post"}],"author":[{"embeddable":true,"href":"https:\/\/chacosintesis.com.ar\/index.php\/wp-json\/wp\/v2\/users\/1"}],"replies":[{"embeddable":true,"href":"https:\/\/chacosintesis.com.ar\/index.php\/wp-json\/wp\/v2\/comments?post=262454"}],"version-history":[{"count":0,"href":"https:\/\/chacosintesis.com.ar\/index.php\/wp-json\/wp\/v2\/posts\/262454\/revisions"}],"wp:featuredmedia":[{"embeddable":true,"href":"https:\/\/chacosintesis.com.ar\/index.php\/wp-json\/wp\/v2\/media\/262455"}],"wp:attachment":[{"href":"https:\/\/chacosintesis.com.ar\/index.php\/wp-json\/wp\/v2\/media?parent=262454"}],"wp:term":[{"taxonomy":"category","embeddable":true,"href":"https:\/\/chacosintesis.com.ar\/index.php\/wp-json\/wp\/v2\/categories?post=262454"},{"taxonomy":"post_tag","embeddable":true,"href":"https:\/\/chacosintesis.com.ar\/index.php\/wp-json\/wp\/v2\/tags?post=262454"}],"curies":[{"name":"wp","href":"https:\/\/api.w.org\/{rel}","templated":true}]}}