{"id":262447,"date":"2026-09-04T20:06:59","date_gmt":"2026-09-04T23:06:59","guid":{"rendered":"https:\/\/chacosintesis.com.ar\/index.php\/todo-sobre-el-iphone-ultra-el-primer-plegable-de-apple-precio-diseno-y-lanzamiento\/"},"modified":"2026-09-04T20:06:59","modified_gmt":"2026-09-04T23:06:59","slug":"todo-sobre-el-iphone-ultra-el-primer-plegable-de-apple-precio-diseno-y-lanzamiento","status":"publish","type":"post","link":"https:\/\/chacosintesis.com.ar\/index.php\/todo-sobre-el-iphone-ultra-el-primer-plegable-de-apple-precio-diseno-y-lanzamiento\/","title":{"rendered":"Todo sobre el iPhone Ultra, el primer plegable de Apple: precio, dise\u00f1o y lanzamiento"},"content":{"rendered":"<div><!-- { REGION4 ~News Body Content~ --> <\/p>\n<p>\t<!-- INICIO PARRAFO 1 --> \t<\/p>\n<div class=\"flex flex-col gap-6 news-detail__body\">\n<p id=\"p-1788525864011-87502\"> Apple se prepara para romper el mercado una vez m\u00e1s. Tras a\u00f1os de desarrollo, con m\u00faltiples prototipos desechados y una espera que parec\u00eda interminable, la firma lanzar\u00e1 oficialmente el <strong><a href=\"https:\/\/www.airedesantafe.com.ar\/iphone-a3413\" target=\"_blank\" rel=\"follow\">iPhone<\/a> Ultra<\/strong>. La presentaci\u00f3n global del <span style=\"background-color:#f1c40f;\">primer dispositivo plegable de la marca tendr\u00e1 lugar el pr\u00f3ximo 9 de septiembre durante el tradicional <strong>Apple Event<\/strong><\/span>, marcando el debut de la compa\u00f1\u00eda en un terreno dominado hasta ahora por competidores como Samsung y Huawei.<\/p>\n<\/p><\/div>\n<p>\t<!-- FIN PARRAFO 1 --><\/p>\n<p>\t<!-- INICIO PARRAFO 2 --><\/p>\n<div class=\"flex flex-col gap-6 news-detail__body\">\n<p id=\"p-1788525864011-1602\">Apple buscan diferenciarse de la competencia mediante un dise\u00f1o ingenieril de vanguardia que resuelve el gran dolor de cabeza de los tel\u00e9fonos flexibles: el pliegue del panel.<\/p>\n<\/div>\n<p>\t<!-- FIN PARRAFO 2 --> <\/p>\n<p>\t<!-- INICIO PARRAFO 3 --><\/p>\n<div class=\"flex flex-col gap-6 news-detail__body\">\n<h2 id=\"p-1788526058277-90787\">Pantalla sin arruga y el chip m\u00e1s potente para el primer iPhone plegable<\/h2>\n<p id=\"p-1788526058278-60250\">Las filtraciones que circulan en portales especializados revelan un formato innovador y sumamente vers\u00e1til. El dispositivo ostenta un display exterior cuadrado de 5,5 pulgadas para un uso r\u00e1pido con una sola mano. Al abrir el equipo, los usuarios se encontrar\u00e1n con una pantalla interna <strong>OLED de 7,8 pulgadas<\/strong> con tecnolog\u00eda <strong>ProMotion de 120 Hz<\/strong>, transformando el tel\u00e9fono en una tablet compacta ideal para trabajar o consumir contenido multimedia.<\/p>\n<\/div>\n<p>\t<!-- FIN PARRAFO 3 --> <\/p>\n<p>\t<!-- INICIO PARRAFO 4 --><\/p>\n<div class=\"flex flex-col gap-6 news-detail__body\">\n<div contenteditable=\"false\" class=\"embed_cont type_imagen\" id=\"603630-Libre-2136187041_wrap\">\n<div id=\"603630-Libre-2136187041_content\" class=\"embed_content\"><\/div>\n<div class=\"embed_wrapper-cont\" id=\"p-1788526663286-41002\">\n<div id=\"603630-Libre-2136187041_epigrafe\" class=\"embed_epigrafe\">\n<p id=\"p-1788526873226-42366\">La arquitectura del procesador A20 Pro de 2 nan\u00f3metros reduce el impacto t\u00e9rmico en el chasis delgado durante tareas de computaci\u00f3n espacial.<\/p>\n<\/div><\/div>\n<\/p><\/div>\n<p id=\"p-1788526058278-95479\">Los ingenieros de la compa\u00f1\u00eda lograron dise\u00f1ar una &#8220;arruga invisible&#8221; en el centro del panel flexible, marcando una brecha de calidad respecto a sus rivales directos. La primera generaci\u00f3n de este modelo apostar\u00e1 por la elegancia sobria, saliendo a la venta en colores blanco y negro.<\/p>\n<\/div>\n<p>\t<!-- FIN PARRAFO 4 --> <\/p>\n<p>\t<!-- INICIO PARRAFO 5 --><\/p>\n<div class=\"flex flex-col gap-6 news-detail__body\">\n<p id=\"p-1788526058278-24726\">Debajo del chasis, el rendimiento estar\u00e1 garantizado por componentes de \u00faltima generaci\u00f3n:<\/p>\n<\/div>\n<p>\t<!-- FIN PARRAFO 5 --> <\/p>\n<p>\t<!-- INICIO PARRAFO RESTO --><\/p>\n<div class=\"flex flex-col gap-6 news-detail__body\">\n<ul id=\"p-1788526089269-64634\">\n<li id=\"p-1788526058278-72497\"><strong>Procesador A20 Pro de 2 nan\u00f3metros:<\/strong> la misma bestia inform\u00e1tica que impulsar\u00e1 a los modelos 18 Pro y Pro Max.<\/li>\n<li id=\"p-1788526058278-50429\"><strong>12 GB de memoria RAM: <\/strong>capacidad dedicada a procesar de forma local las funciones complejas de Siri AI y el ecosistema Apple Intelligence.<\/li>\n<li id=\"p-1788526058278-62132\"><strong>Bater\u00eda de doble celda:<\/strong> un m\u00f3dulo de casi 5.000 mAh que asegura autonom\u00eda para todo el d\u00eda a pesar del grosor reducido del dispositivo.<\/li>\n<\/ul>\n<div contenteditable=\"false\" class=\"embed_cont type_freetext\" rel=\"freetext\" id=\"embed2_wrap\">\n<div id=\"embed2_content\" class=\"embed_content\">\n<div id=\"embed2_embed\">\n<blockquote data-td-script-src=\"https:\/\/platform.x.com\/widgets.js\" class=\"twitter-tweet\" data-media-max-width=\"560\">\n<p id=\"p-1788526358975-55548\" dir=\"ltr\" lang=\"en\">According to Gurman, here\u2019s what the iPhone Ultra testers have to say about the upcoming Apple foldable: <\/p>\n<p>&gt; No Face ID, only Touch ID<br \/>&gt; No telephoto camera<br \/>&gt; Can double as a large camera viewfinder<br \/>&gt; Expected to cost over $2,000<br \/>&gt; Advanced hinge mechanism<br \/>&gt; Fits easily in a\u2026 <a href=\"https:\/\/t.co\/hUI5v8xxKk\">pic.twitter.com\/hUI5v8xxKk<\/a><\/p>\n<p> \u2014 Noah Cat (@Cartidise) <a href=\"https:\/\/x.com\/Cartidise\/status\/2091740349643325497?ref_src=twsrc%5Etfw\">August 24, 2026<\/a><\/p><\/blockquote>\n<\/div><\/div>\n<\/p><\/div>\n<h2 id=\"p-1788526103263-90190\">Sistema operativo adaptado, Touch ID lateral y un precio para pocos<\/h2>\n<p id=\"p-1788526139519-23041\">Seg\u00fan fue revelado, el iPhone Ultra tendr\u00e1 una versi\u00f3n personalizada de iOS 27, la cual fusiona elementos clave de iPadOS. Esta interfaz suma funciones de multitarea avanzada como Split View para usar dos aplicaciones en simult\u00e1neo de pantalla dividida.<\/p>\n<p id=\"p-1788526197579-98431\">En el apartado fotogr\u00e1fico, el tel\u00e9fono incorporar\u00e1 un sistema de <strong>doble c\u00e1mara trasera de 48 megap\u00edxeles<\/strong> con apertura variable. Por razones de espacio f\u00edsico dentro del cuerpo delgado, <span style=\"background-color:#f1c40f;\">Apple descart\u00f3 el Face ID y coloc\u00f3 un sensor Touch ID<\/span> integrado en el bot\u00f3n de encendido lateral.<\/p>\n<p id=\"p-1788526280728-49435\">Uno de los detalles que m\u00e1s sorprendi\u00f3 al p\u00fablico fue su precio. Con un valor estimado de 2.380 d\u00f3lares (unos 2.200 euros), este modelo se convertir\u00e1 en el m\u00e1s caro de la historia de la marca.<\/p>\n<p id=\"p-1788526266901-39639\"><span style=\"background-color:#f1c40f;\">La firma californiana encarar\u00e1 una fabricaci\u00f3n inicial acotada de entre 7 y 10 millones de unidades<\/span> y desplegar\u00e1 un lanzamiento comercial escalonado: primero abastecer\u00e1 al mercado de Estados Unidos para luego llegar paulatinamente a las g\u00f3ndolas del resto del mundo.<\/p>\n<\/div>\n<p>\t<!-- FIN PARRAFO RESTO --> <\/p>\n<section id=\"most-read-10445\" class=\"most-viewed lg:border-b lg:border-gray-df bg-white p-[39px] lg:p-6 flex flex-col gap-4 items-start w-full\" data-td-script-src=\"\">\n<header class=\"flex items-center justify-between w-full pb-4\">  <\/header>\n<\/section>\n<p>\t\t\t<!-- REGION4 ~News Body Content~ } -->\n\t\t\t\t\t\t\t\t\t<\/div>\n<p><script async src=\"\/\/platform.twitter.com\/widgets.js\" charset=\"utf-8\"><\/script><\/p>\n","protected":false},"excerpt":{"rendered":"<p>Apple se prepara para romper el mercado una vez m\u00e1s. Tras a\u00f1os de desarrollo, con m\u00faltiples prototipos desechados y una espera que parec\u00eda interminable, la firma lanzar\u00e1 oficialmente el iPhone Ultra. La presentaci\u00f3n global del primer dispositivo plegable de la marca tendr\u00e1 lugar el pr\u00f3ximo 9 de septiembre durante el tradicional Apple Event, marcando el [&hellip;]<\/p>\n","protected":false},"author":1,"featured_media":262448,"comment_status":"","ping_status":"","sticky":false,"template":"","format":"standard","meta":{"footnotes":""},"categories":[196],"tags":[],"class_list":["post-262447","post","type-post","status-publish","format-standard","has-post-thumbnail","category-tecno"],"_links":{"self":[{"href":"https:\/\/chacosintesis.com.ar\/index.php\/wp-json\/wp\/v2\/posts\/262447","targetHints":{"allow":["GET"]}}],"collection":[{"href":"https:\/\/chacosintesis.com.ar\/index.php\/wp-json\/wp\/v2\/posts"}],"about":[{"href":"https:\/\/chacosintesis.com.ar\/index.php\/wp-json\/wp\/v2\/types\/post"}],"author":[{"embeddable":true,"href":"https:\/\/chacosintesis.com.ar\/index.php\/wp-json\/wp\/v2\/users\/1"}],"replies":[{"embeddable":true,"href":"https:\/\/chacosintesis.com.ar\/index.php\/wp-json\/wp\/v2\/comments?post=262447"}],"version-history":[{"count":0,"href":"https:\/\/chacosintesis.com.ar\/index.php\/wp-json\/wp\/v2\/posts\/262447\/revisions"}],"wp:featuredmedia":[{"embeddable":true,"href":"https:\/\/chacosintesis.com.ar\/index.php\/wp-json\/wp\/v2\/media\/262448"}],"wp:attachment":[{"href":"https:\/\/chacosintesis.com.ar\/index.php\/wp-json\/wp\/v2\/media?parent=262447"}],"wp:term":[{"taxonomy":"category","embeddable":true,"href":"https:\/\/chacosintesis.com.ar\/index.php\/wp-json\/wp\/v2\/categories?post=262447"},{"taxonomy":"post_tag","embeddable":true,"href":"https:\/\/chacosintesis.com.ar\/index.php\/wp-json\/wp\/v2\/tags?post=262447"}],"curies":[{"name":"wp","href":"https:\/\/api.w.org\/{rel}","templated":true}]}}