{"id":262406,"date":"2026-09-04T18:10:02","date_gmt":"2026-09-04T21:10:02","guid":{"rendered":"https:\/\/chacosintesis.com.ar\/index.php\/colapinto-con-mucha-autocritica-en-monza-hay-que-entender-por-que-empeoramos-bastante\/"},"modified":"2026-09-04T18:10:02","modified_gmt":"2026-09-04T21:10:02","slug":"colapinto-con-mucha-autocritica-en-monza-hay-que-entender-por-que-empeoramos-bastante","status":"publish","type":"post","link":"https:\/\/chacosintesis.com.ar\/index.php\/colapinto-con-mucha-autocritica-en-monza-hay-que-entender-por-que-empeoramos-bastante\/","title":{"rendered":"Colapinto, con mucha autocr\u00edtica en Monza: \u201cHay que entender por qu\u00e9 empeoramos bastante\u201d"},"content":{"rendered":"<p><\/p>\n<div>\t\t<!-- { REGION4 --> <\/p>\n<header class=\"news-headline\">\n<div class=\"news-headline__topics-and-date-wrapper\">    <span class=\"news-headline__publication-date\"> 4 de septiembre 2026 &#8211; 17:05<br \/>\n            <\/span><\/div>\n<h2 class=\"news-headline__article-summary\"\/>\n<p id=\"p-1788542903675-37255\" class=\"ignore-parser\"> El argentino termin\u00f3 und\u00e9cimo en la FP2 del Gran Premio de Italia y, pese a mejorar su tiempo respecto de la primera sesi\u00f3n, asegur\u00f3 que Alpine dio \u201cun paso para atr\u00e1s\u201d.<\/p>\n<\/header>\n<article class=\"article-body article-body--first-paragraph\" data-td-script-src=\"https:\/\/www.ambito.com\/td\/modulos\/encuestas\/js\/function-embeds-min-version-1788494872.js\">\n<p id=\"p-1788542908175-4888\">El argentino<strong> Franco Colapinto<\/strong> cerr\u00f3 el viernes de entrenamientos del<strong> <a href=\"https:\/\/www.ambito.com\/deportes\/con-las-mejoras-su-alpine-colapinto-termino-9-las-practicas-libres-monza-n6318511\" target=\"_blank\" rel=\"follow\">Gran Premio de Italia<\/a><\/strong> con sensaciones contrapuestas. El piloto de <strong>Alpine<\/strong> fue noveno en la primera pr\u00e1ctica y und\u00e9cimo en la segunda, pero destac\u00f3 especialmente el rendimiento que hab\u00eda mostrado durante la ma\u00f1ana y reconoci\u00f3 que el equipo no logr\u00f3 mantener ese nivel en la <strong>FP2.<\/strong><\/p>\n<\/article>\n<section class=\"suscription-false printed-edition\" style=\"display:none\">\n<p>El contenido al que quiere acceder es exclusivo para suscriptores.<\/p>\n<p>  <span> <button type=\"button\" name=\"button\" class=\"subscribe-btn mercadopago-btn\">suscribirse<\/button><\/span>  <span class=\"btns\"><button type=\"button\" name=\"button\" class=\"subscribe-btn reload-login\"> ya estoy suscripto<\/button><\/span>  <\/p>\n<\/section>\n<article class=\"article-body article-body--second-paragraph\">\n<p id=\"p-1788542908175-56812\"><strong>\u201cEn el FP1 sal\u00ed, di cuatro vueltas, hice el tiempo y despu\u00e9s tuve un problema con el motor en el low fuel con la soft\u201d<\/strong>, explic\u00f3 <strong>Colapinto.<\/strong><\/p>\n<\/article>\n<section class=\"related-news\">\n<div class=\"row row--eq-height\">\n<div class=\"col-12 col-md-6\">\n<article class=\"news-article news-article--landscape-news news-article--landscape-news\">\n<figure class=\"news-article__figure figure\">\t\t<a href=\"https:\/\/www.ambito.com\/deportes\/los-detalles-del-gran-premio-italia-formula-1-franco-colapinto-dias-horarios-tv-y-todo-lo-que-hay-que-saber-n6318092\" target=\"\" title=\"\u00e1mbito.com | Los detalles del Gran Premio de Italia de F\u00f3rmula: d\u00edas, horarios, y todo lo que hay que saber\" alt=\"\u00e1mbito.com | Los detalles del Gran Premio de Italia de F\u00f3rmula: d\u00edas, horarios, y todo lo que hay que saber\" rel=\"noindex nofollow noreferrer\"><br \/>\n\t\t\t\t\t\t\t\t\t\t\t<img loading=\"lazy\" src=\"https:\/\/chacosintesis.com.ar\/wp-content\/uploads\/2026\/08\/Victor-Montagliani-apunto-contra-Gianni-Infantino-y-cuestiono-a-la.jpeg\" decoding=\"async\" fetchpriority=\"low\" loading=\"lazy\" alt=\"Los detalles del Gran Premio de Italia con Franco Colapinto: d\u00edas y horarios\" title=\"Los detalles del Gran Premio de Italia con Franco Colapinto: d\u00edas y horarios\" width=\"93\" height=\"52\" class=\"news-article__figure-img figure-img img-fluid\"\/>\t\t<\/a><\/figure>\n<\/article><\/div>\n<\/div>\n<\/section>\n<article class=\"article-body article-body--third-paragraph\">\n<p id=\"p-1788542908175-74904\"> El argentino consider\u00f3 que, sin ese inconveniente, podr\u00eda haber mejorado todav\u00eda m\u00e1s su registro: <strong>\u201cTendr\u00eda que haber mejorado cinco d\u00e9cimas. Tendr\u00eda que haber hecho un tiempo parecido al que hice ahora, o un poquito mejor\u201d.<\/strong><\/p>\n<\/article>\n<article class=\"article-body article-body--fourth-paragraph\">\n<div contenteditable=\"false\" class=\"embed_cont type_freetext\" rel=\"freetext\" id=\"embed9_wrap\">\n<div id=\"embed9_content\" class=\"embed_content\">\n<div id=\"embed9_embed\">\n<blockquote data-td-script-src=\"https:\/\/platform.x.com\/widgets.js\" class=\"twitter-tweet\" data-media-max-width=\"560\">\n<p id=\"p-1788543063826-49135\" dir=\"ltr\" lang=\"es\"> &#8220;EN EL FP1 MUY BIEN Y LA FP2 ESTABAMOS UN POQUITO PERDIDOS. DIMOS UN PASO PARA ATR\u00c1S&#8230; HAY QUE ENTENDER POR QU\u00c9&#8221;<\/p>\n<p>A pesar de finalizar 11\u00b0, Colapinto no se fue conforme con el rendimiento de su Alpine en la Pr\u00e1ctica 2 del <a href=\"https:\/\/x.com\/hashtag\/ItalianGP?src=hash&amp;ref_src=twsrc%5Etfw\">#ItalianGP<\/a>: \u00bfTendr\u00e1 mejores sensaciones en la Qualy? <a href=\"https:\/\/t.co\/W2YzvKhYdx\">pic.twitter.com\/W2YzvKhYdx<\/a><\/p>\n<p> \u2014 SportsCenter (@SC_ESPN) <a href=\"https:\/\/x.com\/SC_ESPN\/status\/2095895881786532167?ref_src=twsrc%5Etfw\">September 4, 2026<\/a><\/p><\/blockquote>\n<\/div><\/div>\n<\/p><\/div>\n<p id=\"p-1788542908175-896\">Sin embargo, el panorama cambi\u00f3 durante la segunda sesi\u00f3n. <strong>\u201cEn la FP2 est\u00e1bamos un poquito perdidos, creo que dimos un paso para atr\u00e1s\u201d<\/strong>, se\u00f1al\u00f3 el pilarense, quien explic\u00f3 que el monoplaza perdi\u00f3 adherencia y se mostr\u00f3 m\u00e1s dif\u00edcil de controlar.<\/p>\n<\/article>\n<article class=\"article-body article-body--fifth-paragraph\">\n<p id=\"p-1788542908175-98461\"><strong>\u201cEl auto no iba tan bien, iba un poco suelto, no ten\u00eda grip en mitad de curva, iba de trompa a mitad, despu\u00e9s se mov\u00eda m\u00e1s y ten\u00eda menos grip trasero saliendo\u201d<\/strong>, detall\u00f3.<\/p>\n<\/article>\n<article class=\"article-body article-body--remaining-paragraph\">\n<p id=\"p-1788542908175-29220\">De cara a la continuidad del fin de semana, <strong>Colapinto<\/strong> remarc\u00f3 que el objetivo ser\u00e1 recuperar el rendimiento mostrado en la primera pr\u00e1ctica.<strong> \u201cEn general no evolucionamos nada, de hecho siento que empeoramos bastante, as\u00ed que hay que entender el porqu\u00e9\u201d<\/strong>, afirm\u00f3.<\/p>\n<p id=\"p-1788542908175-87924\">Adem\u00e1s, valor\u00f3 que el problema del motor ya haya sido solucionado y asegur\u00f3 que el equipo trabajar\u00e1 para llegar mejor preparado a la jornada del s\u00e1bado, cuando se disputar\u00e1n la tercera pr\u00e1ctica y la clasificaci\u00f3n.<\/p>\n<p id=\"p-1788544439386-73161\">En cuanto al <strong>Gran Premio de Italia<\/strong>, en <strong>Monza,<\/strong> La carrera est\u00e1 prevista a <strong>53 vueltas<\/strong>, con una distancia total de <strong>306,72 kil\u00f3metros<\/strong>. El r\u00e9cord oficial es de<strong> 1:20.901<\/strong>, establecido por<strong> Lando Norris <\/strong>en <strong>2025.<\/strong><\/p>\n<h2 id=\"p-1788544351409-38460\">GP de Italia 2026: cronograma completo<\/h2>\n<h4 id=\"p-1788544351409-9692\">S\u00e1bado 5 de septiembre<\/h4>\n<ul id=\"p-1788544365466-30882\">\n<li id=\"p-1788544351409-90928\">Pr\u00e1cticas libres 3: 07:30<\/li>\n<li id=\"p-1788544351409-97972\">Clasificaci\u00f3n: 11:00<\/li>\n<\/ul>\n<h4 id=\"p-1788544351410-69256\">Domingo 6 de septiembre<\/h4>\n<\/article>\n<p>\t\t<!-- REGION4 } --><\/div>\n<p><script async src=\"\/\/platform.twitter.com\/widgets.js\" charset=\"utf-8\"><\/script><script>\n!function(f,b,e,v,n,t,s)\n{if(f.fbq)return;n=f.fbq=function(){n.callMethod?\nn.callMethod.apply(n,arguments):n.queue.push(arguments)};\nif(!f._fbq)f._fbq=n;n.push=n;n.loaded=!0;n.version='2.0';\nn.queue=[];t=b.createElement(e);t.async=!0;\nt.src=v;s=b.getElementsByTagName(e)[0];\ns.parentNode.insertBefore(t,s)}(window,document,'script',\n'https:\/\/connect.facebook.net\/en_US\/fbevents.js');\nfbq('init', '2047048335588113');\nfbq('track', 'PageView');\n<\/script><\/p>\n<p>Ambito.-<\/p>\n","protected":false},"excerpt":{"rendered":"<p>4 de septiembre 2026 &#8211; 17:05 El argentino termin\u00f3 und\u00e9cimo en la FP2 del Gran Premio de Italia y, pese a mejorar su tiempo respecto de la primera sesi\u00f3n, asegur\u00f3 que Alpine dio \u201cun paso para atr\u00e1s\u201d. El argentino Franco Colapinto cerr\u00f3 el viernes de entrenamientos del Gran Premio de Italia con sensaciones contrapuestas. El [&hellip;]<\/p>\n","protected":false},"author":1,"featured_media":256796,"comment_status":"closed","ping_status":"","sticky":false,"template":"","format":"standard","meta":{"footnotes":""},"categories":[7],"tags":[410,1111,1110],"class_list":["post-262406","post","type-post","status-publish","format-standard","has-post-thumbnail","category-deportes","tag-alpine","tag-franco-colapinto","tag-fu00f3rmula-1"],"_links":{"self":[{"href":"https:\/\/chacosintesis.com.ar\/index.php\/wp-json\/wp\/v2\/posts\/262406","targetHints":{"allow":["GET"]}}],"collection":[{"href":"https:\/\/chacosintesis.com.ar\/index.php\/wp-json\/wp\/v2\/posts"}],"about":[{"href":"https:\/\/chacosintesis.com.ar\/index.php\/wp-json\/wp\/v2\/types\/post"}],"author":[{"embeddable":true,"href":"https:\/\/chacosintesis.com.ar\/index.php\/wp-json\/wp\/v2\/users\/1"}],"replies":[{"embeddable":true,"href":"https:\/\/chacosintesis.com.ar\/index.php\/wp-json\/wp\/v2\/comments?post=262406"}],"version-history":[{"count":0,"href":"https:\/\/chacosintesis.com.ar\/index.php\/wp-json\/wp\/v2\/posts\/262406\/revisions"}],"wp:featuredmedia":[{"embeddable":true,"href":"https:\/\/chacosintesis.com.ar\/index.php\/wp-json\/wp\/v2\/media\/256796"}],"wp:attachment":[{"href":"https:\/\/chacosintesis.com.ar\/index.php\/wp-json\/wp\/v2\/media?parent=262406"}],"wp:term":[{"taxonomy":"category","embeddable":true,"href":"https:\/\/chacosintesis.com.ar\/index.php\/wp-json\/wp\/v2\/categories?post=262406"},{"taxonomy":"post_tag","embeddable":true,"href":"https:\/\/chacosintesis.com.ar\/index.php\/wp-json\/wp\/v2\/tags?post=262406"}],"curies":[{"name":"wp","href":"https:\/\/api.w.org\/{rel}","templated":true}]}}